{"id":18459,"date":"2021-07-13T12:24:30","date_gmt":"2021-07-13T17:24:30","guid":{"rendered":"http:\/\/www.ecuadoraldia.com.ec\/?p=18459"},"modified":"2021-07-13T12:24:30","modified_gmt":"2021-07-13T17:24:30","slug":"ediles-exigen-dictamen-judicial-sobre-revocatoria-de-medidas-en-favor-de-yunda","status":"publish","type":"post","link":"https:\/\/www.ecuadoraldia.com.ec\/?p=18459","title":{"rendered":"Ediles exigen dictamen judicial sobre revocatoria de medidas en favor de Yunda"},"content":{"rendered":"<p><a href=\"http:\/\/www.ecuadoraldia.com.ec\/wp-content\/uploads\/2021\/07\/foto-consejales-1-1.jpeg\"><img loading=\"lazy\" decoding=\"async\" class=\" wp-image-18460 alignleft\" src=\"http:\/\/www.ecuadoraldia.com.ec\/wp-content\/uploads\/2021\/07\/foto-consejales-1-1-300x195.jpeg\" alt=\"\" width=\"323\" height=\"210\" \/><\/a>Las disputas por la alcald\u00eda de la ciudad capital contin\u00faan. Este martes 13 el vicealcalde Santiago Guarderas, junto a los concejales de oposici\u00f3n, acudieron al Complejo Judicial Norte, en Quito, para insistir en el pronunciamiento de las autoridades judiciales al pedido de revocatoria de las medidas cautelares otorgadas por el juez de Pichincha, Carlos Enrique Soto en favor del alcalde, Jorge Yunda Machado.<\/p>\n<p>Con el dictamen de Soto, qued\u00f3 en suspenso el proceso de su remoci\u00f3n del primer personero de la capital, que fue aprobado por el Concejo Metropolitano el 3 de junio, y ratificado 1 de julio por el Tribunal Contencioso Electoral (TCE).<\/p>\n<p>El vicealcalde inform\u00f3 que est\u00e1n insistiendo en la revocatoria de las medidas cautelares otorgadas en favor de Yunda con la misma celeridad con la que le fueron otorgadas al burgomaestre en d\u00edas pasados.<\/p>\n<p>\u201cLamentablemente la falta de acci\u00f3n con respecto al pedido de revocatoria est\u00e1 incidiendo en la ciudad, Quito ya no aguanta m\u00e1s, Quito est\u00e1 cansado de este problema y por lo tanto es nuestra responsabilidad insistir al juez para que despache esta causa\u201d, enfatiz\u00f3.<\/p>\n<p>En los mismos t\u00e9rminos se refiri\u00f3 el edil Fernando Morales. A decir de el personero municipal Yunda ya no es<a href=\"http:\/\/www.ecuadoraldia.com.ec\/wp-content\/uploads\/2021\/07\/Foto-consejales-2.jpeg\"><img loading=\"lazy\" decoding=\"async\" class=\" wp-image-18461 alignright\" src=\"http:\/\/www.ecuadoraldia.com.ec\/wp-content\/uploads\/2021\/07\/Foto-consejales-2-300x225.jpeg\" alt=\"\" width=\"323\" height=\"242\" \/><\/a> alcalde de la cuidad capital porque fue removido de manera legal y apegado a los procedimientos que la normativa establece para el efecto. Por esta raz\u00f3n dijo la alcald\u00eda se encuentra en acefal\u00eda y es indispensable que los jueces decidan sobre el pedido de revocatoria de las medidas cautelares, fin de que se trabaje en favor de los quite\u00f1os.<\/p>\n<p>El ejecutivo municipal no solo ha fallado en el 2020, en el 2019 no ejecut\u00f3 300 millones de d\u00f3lares. En el 2020, pese a la reforma, solo alcanz\u00f3 a ejecutar el 78% del presupuesto y en este 2021 solo ha logrado ejecutar el 29% del presupuesto, Ya estamos a medidos del a\u00f1o y no ha logrado ejecutar\u201d, sostuvo.<\/p>\n<p>Esto mientras tanto el alcalde Jorge Yunda, quien contin\u00faa realizando recorridos por los barrios de la capital entregando obras y ha dicho que seguir\u00e1 en funciones hasta que existe el pronunciamiento oficial de la Corte Provincial de Pichincha, fracas\u00f3 en su intento de mantener una nueva reuni\u00f3n del Consejo Metropolitano de Quito. (BHS)<\/p>\n","protected":false},"excerpt":{"rendered":"<p>Las disputas por la alcald\u00eda de la ciudad capital contin\u00faan. Este martes 13 el vicealcalde Santiago Guarderas, junto a los<\/p>\n","protected":false},"author":1,"featured_media":0,"comment_status":"closed","ping_status":"closed","sticky":false,"template":"","format":"standard","meta":{"footnotes":""},"categories":[5,1],"tags":[],"_links":{"self":[{"href":"https:\/\/www.ecuadoraldia.com.ec\/index.php?rest_route=\/wp\/v2\/posts\/18459"}],"collection":[{"href":"https:\/\/www.ecuadoraldia.com.ec\/index.php?rest_route=\/wp\/v2\/posts"}],"about":[{"href":"https:\/\/www.ecuadoraldia.com.ec\/index.php?rest_route=\/wp\/v2\/types\/post"}],"author":[{"embeddable":true,"href":"https:\/\/www.ecuadoraldia.com.ec\/index.php?rest_route=\/wp\/v2\/users\/1"}],"replies":[{"embeddable":true,"href":"https:\/\/www.ecuadoraldia.com.ec\/index.php?rest_route=%2Fwp%2Fv2%2Fcomments&post=18459"}],"version-history":[{"count":4,"href":"https:\/\/www.ecuadoraldia.com.ec\/index.php?rest_route=\/wp\/v2\/posts\/18459\/revisions"}],"predecessor-version":[{"id":18465,"href":"https:\/\/www.ecuadoraldia.com.ec\/index.php?rest_route=\/wp\/v2\/posts\/18459\/revisions\/18465"}],"wp:attachment":[{"href":"https:\/\/www.ecuadoraldia.com.ec\/index.php?rest_route=%2Fwp%2Fv2%2Fmedia&parent=18459"}],"wp:term":[{"taxonomy":"category","embeddable":true,"href":"https:\/\/www.ecuadoraldia.com.ec\/index.php?rest_route=%2Fwp%2Fv2%2Fcategories&post=18459"},{"taxonomy":"post_tag","embeddable":true,"href":"https:\/\/www.ecuadoraldia.com.ec\/index.php?rest_route=%2Fwp%2Fv2%2Ftags&post=18459"}],"curies":[{"name":"wp","href":"https:\/\/api.w.org\/{rel}","templated":true}]}}