{"id":18467,"date":"2021-07-13T14:55:42","date_gmt":"2021-07-13T19:55:42","guid":{"rendered":"http:\/\/www.ecuadoraldia.com.ec\/?p=18467"},"modified":"2021-07-13T22:11:10","modified_gmt":"2021-07-14T03:11:10","slug":"18467","status":"publish","type":"post","link":"https:\/\/www.ecuadoraldia.com.ec\/?p=18467","title":{"rendered":"Medidas contra las variantes Delta y Delta Plus deben aplicarse a nivel nacional"},"content":{"rendered":"<p><em>En Santa Rosa, cant\u00f3n orense se confirm\u00f3 hace una semana la muerte de una mujer de 40 a\u00f1os con s\u00edntomas de coronavirus.<\/em><\/p>\n<p>Las acciones de monitoreo constante de los casos de las variante Delta y Delta Plus del COVID-19, al igual que del env\u00edo de pruebas de ant\u00edgenos que anunci\u00f3 la ministra de Salud P\u00fablica, Ximena Garz\u00f3n y las medidas focalizadas que eval\u00faa el Comit\u00e9 de Operaciones de Emergencia (COE) Nacional para la provincia de El Oro y la ciudad de Guayaquil, deben ser aplicadas tambi\u00e9n para el resto del territorio nacional, as\u00ed lo solicit\u00f3 el Colegio de M\u00e9dicos del Guayas.<\/p>\n<p>Wilson Tenorio Mina, presidente del gremio de los galenos reiter\u00f3 algunas recomendaciones adicionales para que sean acogidas por las autoridades de Salud y COE Nacional; entre ellas refiri\u00f3: que los pasajeros que ingresen en vuelos internacionales deben realizar una cuarentena obligatoria, en sitios especiales.<\/p>\n<p>Tambi\u00e9n exhortan a las autoridades nacionales para que se disponga de un toque de queda, movilidad restringida y ley seca durante los fines de semana, desde las 23h00 del viernes hasta las 05h00 del domingo.<\/p>\n<p>Poner en vigencia la modalidad Pico y Placa para veh\u00edculos que se dirijan hacia los balnearios y sitios tur\u00edsticos del pa\u00eds, durante los viernes, s\u00e1bados y domingos.<\/p>\n<p>Prohibir las fiestas y reuniones sociales o familiares, con m\u00e1s de 10 personas, especialmente en sitios cerrados, adem\u00e1s de mantener el aforo limitado a no m\u00e1s del 50% en todo tipo de actos p\u00fablicos y privados.<\/p>\n<p>Adicionalmente, el presidente del Colegio de M\u00e9dicos del Guayas dijo que no es recomendable que las clases ni el trabajo presencial y a la ciudadan\u00eda en general le reiter\u00f3 el pedido para que mantenga las medidas de bioseguridad y no baje la guardia ante la COVID-19.<\/p>\n<p>La exhortaci\u00f3n y recomendaciones de los m\u00e9dicos es que estas medidas deben mantenerse al menos hasta septiembre del presente a\u00f1o y una vez que el Gobierno Nacional alcance a vacunar a 10 millones de ciudadanos, y con ello lograr la tan ansiada inmunidad de reba\u00f1o, que permita controlar la movilidad del virus y su contagiosidad, en especial de las nuevas variantes. (FA)<\/p>\n","protected":false},"excerpt":{"rendered":"<p>En Santa Rosa, cant\u00f3n orense se confirm\u00f3 hace una semana la muerte de una mujer de 40 a\u00f1os con s\u00edntomas<\/p>\n","protected":false},"author":1,"featured_media":18468,"comment_status":"closed","ping_status":"closed","sticky":false,"template":"","format":"standard","meta":{"footnotes":""},"categories":[11,1],"tags":[],"_links":{"self":[{"href":"https:\/\/www.ecuadoraldia.com.ec\/index.php?rest_route=\/wp\/v2\/posts\/18467"}],"collection":[{"href":"https:\/\/www.ecuadoraldia.com.ec\/index.php?rest_route=\/wp\/v2\/posts"}],"about":[{"href":"https:\/\/www.ecuadoraldia.com.ec\/index.php?rest_route=\/wp\/v2\/types\/post"}],"author":[{"embeddable":true,"href":"https:\/\/www.ecuadoraldia.com.ec\/index.php?rest_route=\/wp\/v2\/users\/1"}],"replies":[{"embeddable":true,"href":"https:\/\/www.ecuadoraldia.com.ec\/index.php?rest_route=%2Fwp%2Fv2%2Fcomments&post=18467"}],"version-history":[{"count":8,"href":"https:\/\/www.ecuadoraldia.com.ec\/index.php?rest_route=\/wp\/v2\/posts\/18467\/revisions"}],"predecessor-version":[{"id":18476,"href":"https:\/\/www.ecuadoraldia.com.ec\/index.php?rest_route=\/wp\/v2\/posts\/18467\/revisions\/18476"}],"wp:featuredmedia":[{"embeddable":true,"href":"https:\/\/www.ecuadoraldia.com.ec\/index.php?rest_route=\/wp\/v2\/media\/18468"}],"wp:attachment":[{"href":"https:\/\/www.ecuadoraldia.com.ec\/index.php?rest_route=%2Fwp%2Fv2%2Fmedia&parent=18467"}],"wp:term":[{"taxonomy":"category","embeddable":true,"href":"https:\/\/www.ecuadoraldia.com.ec\/index.php?rest_route=%2Fwp%2Fv2%2Fcategories&post=18467"},{"taxonomy":"post_tag","embeddable":true,"href":"https:\/\/www.ecuadoraldia.com.ec\/index.php?rest_route=%2Fwp%2Fv2%2Ftags&post=18467"}],"curies":[{"name":"wp","href":"https:\/\/api.w.org\/{rel}","templated":true}]}}