{"id":18484,"date":"2021-07-14T11:42:36","date_gmt":"2021-07-14T16:42:36","guid":{"rendered":"http:\/\/www.ecuadoraldia.com.ec\/?p=18484"},"modified":"2021-07-14T11:42:36","modified_gmt":"2021-07-14T16:42:36","slug":"carapaz-subio-a-los-puestos-de-podio-hoy-en-la-etapa-17-del-tour-de-francia-2021","status":"publish","type":"post","link":"https:\/\/www.ecuadoraldia.com.ec\/?p=18484","title":{"rendered":"Carapaz subi\u00f3 a los puestos de podio hoy en la etapa 17 del Tour de Francia 2021"},"content":{"rendered":"<div class=\"kvgmc6g5 cxmmr5t8 oygrvhab hcukyx3x c1et5uql ii04i59q\">\n<div dir=\"auto\"><\/div>\n<div dir=\"auto\">El compatriota Richard Carapaz, del\u00a0Ineos Grenadiers lleg\u00f3 en el tercer lugar de la la etapa 17 del Tour de Francia,\u00a0por detr\u00e1s del esloveno Tadej Pogacar (UAE Team Emirates) y el dan\u00e9s Jonas Vingegaard (Team Jumbo-Visma).<\/div>\n<div dir=\"auto\">Ma\u00f1ana, jueves se realizar\u00e1 la etapa 18, \u00faltima en los Pirineos, que pasar\u00e1 por el Tourmalet y llegar\u00e1 a Luz-Ardiden, con dos subidas de categor\u00eda especial.<\/div>\n<div dir=\"auto\">En la clasificaci\u00f3n general, la \u00ablocomotora del Carchi\u00bb, Richard Carapaz tambi\u00e9n subi\u00f3 a la tercera posici\u00f3n.<\/div>\n<\/div>\n<div class=\"o9v6fnle cxmmr5t8 oygrvhab hcukyx3x c1et5uql ii04i59q\"><\/div>\n","protected":false},"excerpt":{"rendered":"<p>El compatriota Richard Carapaz, del\u00a0Ineos Grenadiers lleg\u00f3 en el tercer lugar de la la etapa 17 del Tour de Francia,\u00a0por<\/p>\n","protected":false},"author":1,"featured_media":18485,"comment_status":"closed","ping_status":"closed","sticky":false,"template":"","format":"standard","meta":{"footnotes":""},"categories":[10,1],"tags":[],"_links":{"self":[{"href":"https:\/\/www.ecuadoraldia.com.ec\/index.php?rest_route=\/wp\/v2\/posts\/18484"}],"collection":[{"href":"https:\/\/www.ecuadoraldia.com.ec\/index.php?rest_route=\/wp\/v2\/posts"}],"about":[{"href":"https:\/\/www.ecuadoraldia.com.ec\/index.php?rest_route=\/wp\/v2\/types\/post"}],"author":[{"embeddable":true,"href":"https:\/\/www.ecuadoraldia.com.ec\/index.php?rest_route=\/wp\/v2\/users\/1"}],"replies":[{"embeddable":true,"href":"https:\/\/www.ecuadoraldia.com.ec\/index.php?rest_route=%2Fwp%2Fv2%2Fcomments&post=18484"}],"version-history":[{"count":1,"href":"https:\/\/www.ecuadoraldia.com.ec\/index.php?rest_route=\/wp\/v2\/posts\/18484\/revisions"}],"predecessor-version":[{"id":18486,"href":"https:\/\/www.ecuadoraldia.com.ec\/index.php?rest_route=\/wp\/v2\/posts\/18484\/revisions\/18486"}],"wp:featuredmedia":[{"embeddable":true,"href":"https:\/\/www.ecuadoraldia.com.ec\/index.php?rest_route=\/wp\/v2\/media\/18485"}],"wp:attachment":[{"href":"https:\/\/www.ecuadoraldia.com.ec\/index.php?rest_route=%2Fwp%2Fv2%2Fmedia&parent=18484"}],"wp:term":[{"taxonomy":"category","embeddable":true,"href":"https:\/\/www.ecuadoraldia.com.ec\/index.php?rest_route=%2Fwp%2Fv2%2Fcategories&post=18484"},{"taxonomy":"post_tag","embeddable":true,"href":"https:\/\/www.ecuadoraldia.com.ec\/index.php?rest_route=%2Fwp%2Fv2%2Ftags&post=18484"}],"curies":[{"name":"wp","href":"https:\/\/api.w.org\/{rel}","templated":true}]}}