{"id":18487,"date":"2021-07-14T15:23:40","date_gmt":"2021-07-14T20:23:40","guid":{"rendered":"http:\/\/www.ecuadoraldia.com.ec\/?p=18487"},"modified":"2021-07-14T15:37:58","modified_gmt":"2021-07-14T20:37:58","slug":"gobierno-dispone-estado-de-excepcion-en-el-oro-y-la-ciudad-de-guayaquil","status":"publish","type":"post","link":"https:\/\/www.ecuadoraldia.com.ec\/?p=18487","title":{"rendered":"Gobierno dispone estado de excepci\u00f3n por 15 d\u00edas en El Oro y la ciudad de Guayaquil"},"content":{"rendered":"<p>Con medidas como limitar el derecho a la libertad de reuni\u00f3n y libertad de tr\u00e1nsito en la ciudad de Guayaquil y en El Oro, el presidente de la Rep\u00fablica, Guillermo Lasso dispuso mediante Decreto Ejecutivo 116, el estado de excepci\u00f3n en la referida provincia costera y en la capital de Guayas, ante la presencia de las variantes Delta y Delta Plus del COVID19, que tienen un alto riesgo de contagio inmediato.<\/p>\n<p>La disposici\u00f3n\u00a0 rige a partir de hoy 14 de julio de 2021 hasta las 23h59 del d\u00eda 28 de julio del presente a\u00f1o.<\/p>\n<p>Entre las disposiciones del mandatario para Guayaquil est\u00e1n: el\u00a0limitar los aforos al cincuenta por ciento (50%) de su capacidad en espacios cerrados donde se atienda al p\u00fablico, y al setenta y cinco por ciento (75%) en espacios de atenci\u00f3n al p\u00fablico abiertos \u00a0o al aire libre. Adem\u00e1s, se ordena limitar el aforo en el transporte p\u00fablico al cincuenta por ciento (50%) de su capacidad \u00a0ordinaria; \u00a0se \u00a0dispone \u00a0la \u00a0libre circulaci\u00f3n \u00a0de \u00a0veh\u00edculos \u00a0privados,\u00a0 sin restricci\u00f3n de placas.<\/p>\n<p>Mientras que en El Oro se\u00a0 limitan los derechos al libre tr\u00e1nsito, libertad de reuni\u00f3n e inviolabilidad de domicilio, con las siguientes medidas restrictivas:\u00a0limitar los aforos al veinticinco por ciento (25%) de su capacidad en todos los establecimientos de atenci\u00f3n al p\u00fablico; en materia \u00a0de educaci\u00f3n,\u00a0 \u00a0se suspenden\u00a0 \u00a0los permisos \u00a0de \u00a0uso progresivo.\u00a0 \u00a0voluntario\u00a0 y alternado de las instalaciones educativas, de aquellos planteles a los que se les hab\u00eda aprobado el Plan de Continuidad Educativa (PICE) con semi-presencial; se mantiene la educaci\u00f3n a distancia.<\/p>\n<p>En materia laboral se dispone el teletrabajo obligatorio para el sector p\u00fablico y privado.<\/p>\n<p>Proh\u00edbase el transporte\u00a0 interprovincial desde la provincia de \u00a0El Oro hacia otras provincias del pa\u00eds, salvo las excepciones.<\/p>\n<p>Tambi\u00e9n se dispone\u00a0el toque de queda, prohibiendo el tr\u00e1nsito vehicular y peatonal de lunes a jueves desde las 20hOO hasta las 06hOO. y los d\u00edas viernes, s\u00e1bado y domingo desde las 18hOO hasta \u00a0las 06hOO.<\/p>\n<p>Se ordena limitar el aforo en el transporte p\u00fablico al treinta por ciento (30%) de su capacidad ordinaria; ord\u00e9nese, la libre circulaci\u00f3n de veh\u00edculos privados, sin restricci\u00f3n de placa. durante los horarios donde no se restrinja la libertad de tr\u00e1nsito.<\/p>\n<p>Adicionalmente, se ordena a la Polic\u00eda Nacional, de lunes ajueves, desde las 20hOO hasta las 06hOO y los d\u00edas viernes, s\u00e1bado y domingo desde las 18hOO hasta \u00a0las 06hOO, el control efectivo e inmediato de situaciones que ocasionen incidentes de aglomeraciones en propiedad privada \u00a0siempre \u00a0que: \u00a01) se \u00a0busque \u00a0precautelar \u00a0el \u00a0distanciamiento \u00a0social \u00a0y\u00a0\u00a0 la implementaci\u00f3n de medidas de bioseguridad: y 2) que las medidas de disuasi\u00f3n y dispersi\u00f3n se realicen en apego irrestricto a los derechos constitucionales que no se encuentren limitados por esta declaratoria de estado de excepci\u00f3n.<\/p>\n","protected":false},"excerpt":{"rendered":"<p>Con medidas como limitar el derecho a la libertad de reuni\u00f3n y libertad de tr\u00e1nsito en la ciudad de Guayaquil<\/p>\n","protected":false},"author":1,"featured_media":18488,"comment_status":"closed","ping_status":"closed","sticky":false,"template":"","format":"standard","meta":{"footnotes":""},"categories":[11,1],"tags":[],"_links":{"self":[{"href":"https:\/\/www.ecuadoraldia.com.ec\/index.php?rest_route=\/wp\/v2\/posts\/18487"}],"collection":[{"href":"https:\/\/www.ecuadoraldia.com.ec\/index.php?rest_route=\/wp\/v2\/posts"}],"about":[{"href":"https:\/\/www.ecuadoraldia.com.ec\/index.php?rest_route=\/wp\/v2\/types\/post"}],"author":[{"embeddable":true,"href":"https:\/\/www.ecuadoraldia.com.ec\/index.php?rest_route=\/wp\/v2\/users\/1"}],"replies":[{"embeddable":true,"href":"https:\/\/www.ecuadoraldia.com.ec\/index.php?rest_route=%2Fwp%2Fv2%2Fcomments&post=18487"}],"version-history":[{"count":6,"href":"https:\/\/www.ecuadoraldia.com.ec\/index.php?rest_route=\/wp\/v2\/posts\/18487\/revisions"}],"predecessor-version":[{"id":18494,"href":"https:\/\/www.ecuadoraldia.com.ec\/index.php?rest_route=\/wp\/v2\/posts\/18487\/revisions\/18494"}],"wp:featuredmedia":[{"embeddable":true,"href":"https:\/\/www.ecuadoraldia.com.ec\/index.php?rest_route=\/wp\/v2\/media\/18488"}],"wp:attachment":[{"href":"https:\/\/www.ecuadoraldia.com.ec\/index.php?rest_route=%2Fwp%2Fv2%2Fmedia&parent=18487"}],"wp:term":[{"taxonomy":"category","embeddable":true,"href":"https:\/\/www.ecuadoraldia.com.ec\/index.php?rest_route=%2Fwp%2Fv2%2Fcategories&post=18487"},{"taxonomy":"post_tag","embeddable":true,"href":"https:\/\/www.ecuadoraldia.com.ec\/index.php?rest_route=%2Fwp%2Fv2%2Ftags&post=18487"}],"curies":[{"name":"wp","href":"https:\/\/api.w.org\/{rel}","templated":true}]}}