{"id":18495,"date":"2021-07-14T16:59:13","date_gmt":"2021-07-14T21:59:13","guid":{"rendered":"http:\/\/www.ecuadoraldia.com.ec\/?p=18495"},"modified":"2021-07-14T16:59:13","modified_gmt":"2021-07-14T21:59:13","slug":"siete-temas-se-tratan-en-mesas-tecnicas-entre-el-mag-y-productores-arroceros","status":"publish","type":"post","link":"https:\/\/www.ecuadoraldia.com.ec\/?p=18495","title":{"rendered":"Siete temas se tratan en mesas t\u00e9cnicas entre el MAG y productores arroceros"},"content":{"rendered":"<p>Productividad, control, costos de producci\u00f3n, diversificaci\u00f3n, comercializaci\u00f3n, post cosecha y financiamiento son los temas que en las mesas t\u00e9cnicas analizan productores y autoridades del Ministerio de Agricultura y Ganader\u00eda (MAG), instaladas hoy en Guayaquil, como parte de los acuerdos alcanzados el pasado lunes.<\/p>\n<p>Estas Mesas T\u00e9cnicas para la Mejora Competitiva las conforma el MAG para, junto a los productores, encontrar soluciones consensuadas, con base en el di\u00e1logo.<\/p>\n<p>Entre los puntos est\u00e1 el an\u00e1lisis para reformar el Acuerdo Ministerial 045, que establece el precio m\u00ednimo de sustentaci\u00f3n de la saca de arroz de 200 libras, grano corto y grano largo, en 29 y 31 d\u00f3lares, respectivamente, y que fue acordado meses atr\u00e1s con los actores de cadena.<\/p>\n<p>Son m\u00e1s de 80 agricultores presentes en las mesas, que est\u00e1n lideradas por los subsecretarios de Comercializaci\u00f3n Agropecuaria, Alex Ibarra, y de Producci\u00f3n Agr\u00edcola, Juan Carlos Cede\u00f1o.<\/p>\n","protected":false},"excerpt":{"rendered":"<p>Productividad, control, costos de producci\u00f3n, diversificaci\u00f3n, comercializaci\u00f3n, post cosecha y financiamiento son los temas que en las mesas t\u00e9cnicas analizan<\/p>\n","protected":false},"author":1,"featured_media":18496,"comment_status":"closed","ping_status":"closed","sticky":false,"template":"","format":"standard","meta":{"footnotes":""},"categories":[11,1],"tags":[],"_links":{"self":[{"href":"https:\/\/www.ecuadoraldia.com.ec\/index.php?rest_route=\/wp\/v2\/posts\/18495"}],"collection":[{"href":"https:\/\/www.ecuadoraldia.com.ec\/index.php?rest_route=\/wp\/v2\/posts"}],"about":[{"href":"https:\/\/www.ecuadoraldia.com.ec\/index.php?rest_route=\/wp\/v2\/types\/post"}],"author":[{"embeddable":true,"href":"https:\/\/www.ecuadoraldia.com.ec\/index.php?rest_route=\/wp\/v2\/users\/1"}],"replies":[{"embeddable":true,"href":"https:\/\/www.ecuadoraldia.com.ec\/index.php?rest_route=%2Fwp%2Fv2%2Fcomments&post=18495"}],"version-history":[{"count":1,"href":"https:\/\/www.ecuadoraldia.com.ec\/index.php?rest_route=\/wp\/v2\/posts\/18495\/revisions"}],"predecessor-version":[{"id":18497,"href":"https:\/\/www.ecuadoraldia.com.ec\/index.php?rest_route=\/wp\/v2\/posts\/18495\/revisions\/18497"}],"wp:featuredmedia":[{"embeddable":true,"href":"https:\/\/www.ecuadoraldia.com.ec\/index.php?rest_route=\/wp\/v2\/media\/18496"}],"wp:attachment":[{"href":"https:\/\/www.ecuadoraldia.com.ec\/index.php?rest_route=%2Fwp%2Fv2%2Fmedia&parent=18495"}],"wp:term":[{"taxonomy":"category","embeddable":true,"href":"https:\/\/www.ecuadoraldia.com.ec\/index.php?rest_route=%2Fwp%2Fv2%2Fcategories&post=18495"},{"taxonomy":"post_tag","embeddable":true,"href":"https:\/\/www.ecuadoraldia.com.ec\/index.php?rest_route=%2Fwp%2Fv2%2Ftags&post=18495"}],"curies":[{"name":"wp","href":"https:\/\/api.w.org\/{rel}","templated":true}]}}