{"id":18498,"date":"2021-07-14T17:44:46","date_gmt":"2021-07-14T22:44:46","guid":{"rendered":"http:\/\/www.ecuadoraldia.com.ec\/?p=18498"},"modified":"2021-07-14T17:48:01","modified_gmt":"2021-07-14T22:48:01","slug":"transporte-aereo-busca-acercamiento-con-el-gobierno-para-facilitar-reactivacion-economica","status":"publish","type":"post","link":"https:\/\/www.ecuadoraldia.com.ec\/?p=18498","title":{"rendered":"Transporte a\u00e9reo busca acercamiento con el gobierno para facilitar reactivaci\u00f3n econ\u00f3mica"},"content":{"rendered":"<p><a href=\"http:\/\/www.ecuadoraldia.com.ec\/wp-content\/uploads\/2021\/07\/IATA.jpg\"><img loading=\"lazy\" decoding=\"async\" class=\"size-medium wp-image-18499 alignleft\" src=\"http:\/\/www.ecuadoraldia.com.ec\/wp-content\/uploads\/2021\/07\/IATA-300x186.jpg\" alt=\"\" width=\"300\" height=\"186\" srcset=\"https:\/\/www.ecuadoraldia.com.ec\/wp-content\/uploads\/2021\/07\/IATA-300x186.jpg 300w, https:\/\/www.ecuadoraldia.com.ec\/wp-content\/uploads\/2021\/07\/IATA.jpg 641w\" sizes=\"(max-width: 300px) 100vw, 300px\" \/><\/a><\/p>\n<p>Quito, mi\u00e9rcoles 14 de julio de 2021.\u2013 La Asociaci\u00f3n de Transporte A\u00e9reo Internacional IATA, \u00a0inst\u00f3 a las autoridades ecuatorianas a crear las condiciones que permitan que el transporte a\u00e9reo facilite la reactivaci\u00f3n \u00a0econ\u00f3mica del pa\u00eds a trav\u00e9s del turismo y las exportaciones por v\u00eda a\u00e9rea.<\/p>\n<p>En el marco de su visita a Quito, Peter Cerd\u00e1, Vicepresidente Regional para las Am\u00e9ricas de IATA, anunci\u00f3 hoy que ha mantenido \u00a0reuniones con gremios y altas autoridades gubernamentales para juntos buscar una salida a la crisis y que permitan la<\/p>\n<p>Promulgaci\u00f3n de \u00a0una visi\u00f3n estrat\u00e9gica para el desarrollo de la aviaci\u00f3n civil a trav\u00e9s de un plan nacional que permita un mejor retorno de la inversi\u00f3n en infraestructura aeroportuaria el mediano y largo plazo.<\/p>\n<p>Mejorar la conectividad a\u00e9rea al pa\u00eds para beneficiar el movimiento de pasajeros y carga a\u00e9rea.<\/p>\n<p>Eliminar el impuesto eco delta cobrado en los boletos a\u00e9reos.<\/p>\n<p>Eliminar el impuesto de salida de divisas y\u00a0 mejorar la competitividad de costos operativos, tasas y costos de navegaci\u00f3n a\u00e9rea, en el Ecuador. \u201cEl estado ecuatoriano ha sido consciente de la importancia de implementar las mejores pr\u00e1cticas internacionales para reactivar los vuelos y uno de los primeros pa\u00edses en brindar flexibilidad a pasajeros ya vacunados. Ahora el pa\u00eds se encuentra en una coyuntura \u00fanica para utilizar su estabilidad econ\u00f3mica y social para que el transporte a\u00e9reo sea la piedra angular de la reactivaci\u00f3n socioecon\u00f3mica del pa\u00eds. Para ello es necesario que exista una reducci\u00f3n de la carga impositiva que permita potenciar la enorme contribuci\u00f3n que hace el sector a su econom\u00eda y a sus habitantes\u201d, a\u00f1adi\u00f3 Cerd\u00e1.<\/p>\n<p>Cerd\u00e1 record\u00f3 que el valor que aportaba la aviaci\u00f3n antes de la pandemia, era de 231,000 empleos directos e indirectos y US$3,400 millones de contribuci\u00f3n al producto interno bruto. \u00a0Con las nuevas propuestas de reactivaci\u00f3n se estima generar alrededor de 70,000 nuevos empleos y casi US$990 millones de contribuci\u00f3n econ\u00f3mica adicional.<\/p>\n<p>\u201cEl pa\u00eds tiene una gran oportunidad para desarrollar a\u00fan m\u00e1s la conectividad a\u00e9rea dentro y fuera del pa\u00eds. Los viajes de negocios y de turismo volver\u00e1n. Pero la prioridad es crear una agenda conjunta que permita aportar a la recuperaci\u00f3n social y econ\u00f3mica del pa\u00eds\u201d, concluy\u00f3 Cerd\u00e1, tras recordad que operar en el Ecuador es bastante caro, en relaci\u00f3n a otros pa\u00edses de la regi\u00f3n. \/rm,<\/p>\n","protected":false},"excerpt":{"rendered":"<p>Quito, mi\u00e9rcoles 14 de julio de 2021.\u2013 La Asociaci\u00f3n de Transporte A\u00e9reo Internacional IATA, \u00a0inst\u00f3 a las autoridades ecuatorianas a<\/p>\n","protected":false},"author":1,"featured_media":0,"comment_status":"closed","ping_status":"closed","sticky":false,"template":"","format":"standard","meta":{"footnotes":""},"categories":[9],"tags":[],"_links":{"self":[{"href":"https:\/\/www.ecuadoraldia.com.ec\/index.php?rest_route=\/wp\/v2\/posts\/18498"}],"collection":[{"href":"https:\/\/www.ecuadoraldia.com.ec\/index.php?rest_route=\/wp\/v2\/posts"}],"about":[{"href":"https:\/\/www.ecuadoraldia.com.ec\/index.php?rest_route=\/wp\/v2\/types\/post"}],"author":[{"embeddable":true,"href":"https:\/\/www.ecuadoraldia.com.ec\/index.php?rest_route=\/wp\/v2\/users\/1"}],"replies":[{"embeddable":true,"href":"https:\/\/www.ecuadoraldia.com.ec\/index.php?rest_route=%2Fwp%2Fv2%2Fcomments&post=18498"}],"version-history":[{"count":3,"href":"https:\/\/www.ecuadoraldia.com.ec\/index.php?rest_route=\/wp\/v2\/posts\/18498\/revisions"}],"predecessor-version":[{"id":18502,"href":"https:\/\/www.ecuadoraldia.com.ec\/index.php?rest_route=\/wp\/v2\/posts\/18498\/revisions\/18502"}],"wp:attachment":[{"href":"https:\/\/www.ecuadoraldia.com.ec\/index.php?rest_route=%2Fwp%2Fv2%2Fmedia&parent=18498"}],"wp:term":[{"taxonomy":"category","embeddable":true,"href":"https:\/\/www.ecuadoraldia.com.ec\/index.php?rest_route=%2Fwp%2Fv2%2Fcategories&post=18498"},{"taxonomy":"post_tag","embeddable":true,"href":"https:\/\/www.ecuadoraldia.com.ec\/index.php?rest_route=%2Fwp%2Fv2%2Ftags&post=18498"}],"curies":[{"name":"wp","href":"https:\/\/api.w.org\/{rel}","templated":true}]}}