{"id":18503,"date":"2021-07-15T11:44:05","date_gmt":"2021-07-15T16:44:05","guid":{"rendered":"http:\/\/www.ecuadoraldia.com.ec\/?p=18503"},"modified":"2021-07-15T11:44:47","modified_gmt":"2021-07-15T16:44:47","slug":"concejales-asisten-a-reunion-con-presencia-de-yunda-para-exigir-cumpla-fallo-del-tce","status":"publish","type":"post","link":"https:\/\/www.ecuadoraldia.com.ec\/?p=18503","title":{"rendered":"Concejales asisten a reuni\u00f3n con presencia de Yunda para exigir cumpla la resoluci\u00f3n del TCE"},"content":{"rendered":"<p>Aunque aclararon, no estar en la sesi\u00f3n por atenci\u00f3n a la convocatoria del removido alcalde de Quito Jorge Yunda, sino para exigir se cumpla el fallo del Tribunal Contencioso Electoral (TCE) los concejales de oposici\u00f3n (unos pocos otros representados por sus alternos) ratificaron sus cuestionamientos a la presencia de Yunda en la reuni\u00f3n de Concejo.<\/p>\n<p>Como muestra del malestar de la presencia de Jorge Yunda, fue el pedido realizado por la concejala Brith Vaca, quien exigi\u00f3 a la Secretar\u00eda del Concejo Metropolitano se\u00a0 abstenga de realizar estas convocatorias a sesiones, hasta que se resuelva el <em>\u00abintringuis\u00bb<\/em>ocasionado por el mismo alcalde. \u00abPor eso aqu\u00ed estamos para que Quito no se yunda m\u00e1s\u00bb afirm\u00f3 la concejala.<\/p>\n<p>Los concejales titulares presentes en esta reunieron fueron:\u00a0Juan Manuel Carri\u00f3n; Analia Ledesma; Luis Reina; Blanca Paucar; Orlando Nu\u00f1ez; Ren\u00e9 Bed\u00f3n; Luz Elena Coloma; Gissela Chala; Marco Collahuazo; Omar Cevallos; Soledad Ben\u00edtez, adem\u00e1s de los suplentes:\u00a0&#8211; V\u00edctor de la Cadena (Fernando Morales); Marcia M\u00e9ndez (Luis Robles); Hugo D\u00e1vila (Andrea Hidalgo); Amparito de Lourdes Narv\u00e1ez ( Santiago Guarderas); H\u00e9ctor Cueva (M\u00f3nica Sandoval) y Juan Carlos Fiallos\u00a0 (Paulina Izurieta).<\/p>\n<p>&nbsp;<\/p>\n","protected":false},"excerpt":{"rendered":"<p>Aunque aclararon, no estar en la sesi\u00f3n por atenci\u00f3n a la convocatoria del removido alcalde de Quito Jorge Yunda, sino<\/p>\n","protected":false},"author":1,"featured_media":18504,"comment_status":"closed","ping_status":"closed","sticky":false,"template":"","format":"standard","meta":{"footnotes":""},"categories":[11,14,1],"tags":[],"_links":{"self":[{"href":"https:\/\/www.ecuadoraldia.com.ec\/index.php?rest_route=\/wp\/v2\/posts\/18503"}],"collection":[{"href":"https:\/\/www.ecuadoraldia.com.ec\/index.php?rest_route=\/wp\/v2\/posts"}],"about":[{"href":"https:\/\/www.ecuadoraldia.com.ec\/index.php?rest_route=\/wp\/v2\/types\/post"}],"author":[{"embeddable":true,"href":"https:\/\/www.ecuadoraldia.com.ec\/index.php?rest_route=\/wp\/v2\/users\/1"}],"replies":[{"embeddable":true,"href":"https:\/\/www.ecuadoraldia.com.ec\/index.php?rest_route=%2Fwp%2Fv2%2Fcomments&post=18503"}],"version-history":[{"count":3,"href":"https:\/\/www.ecuadoraldia.com.ec\/index.php?rest_route=\/wp\/v2\/posts\/18503\/revisions"}],"predecessor-version":[{"id":18507,"href":"https:\/\/www.ecuadoraldia.com.ec\/index.php?rest_route=\/wp\/v2\/posts\/18503\/revisions\/18507"}],"wp:featuredmedia":[{"embeddable":true,"href":"https:\/\/www.ecuadoraldia.com.ec\/index.php?rest_route=\/wp\/v2\/media\/18504"}],"wp:attachment":[{"href":"https:\/\/www.ecuadoraldia.com.ec\/index.php?rest_route=%2Fwp%2Fv2%2Fmedia&parent=18503"}],"wp:term":[{"taxonomy":"category","embeddable":true,"href":"https:\/\/www.ecuadoraldia.com.ec\/index.php?rest_route=%2Fwp%2Fv2%2Fcategories&post=18503"},{"taxonomy":"post_tag","embeddable":true,"href":"https:\/\/www.ecuadoraldia.com.ec\/index.php?rest_route=%2Fwp%2Fv2%2Ftags&post=18503"}],"curies":[{"name":"wp","href":"https:\/\/api.w.org\/{rel}","templated":true}]}}