{"id":18518,"date":"2021-07-16T10:35:01","date_gmt":"2021-07-16T15:35:01","guid":{"rendered":"http:\/\/www.ecuadoraldia.com.ec\/?p=18518"},"modified":"2021-07-16T10:35:01","modified_gmt":"2021-07-16T15:35:01","slug":"300-rutas-y-1-600-frecuencias-de-buses-se-aprobaron-durante-la-pandemia","status":"publish","type":"post","link":"https:\/\/www.ecuadoraldia.com.ec\/?p=18518","title":{"rendered":"300 rutas y 1 600 frecuencias de buses se aprobaron durante la pandemia"},"content":{"rendered":"<p>En medio de la emergencia sanitaria provocada por el Covid 19, entre marzo de 2020 y mayo de 2021 se aprobaron 302 rutas y 1 632 frecuencias de buses inter e intraprovinciales a nivel nacional. Esta autorizaci\u00f3n se emiti\u00f3 a pesar de que los servicios de transporte ten\u00edan aforo limitado y las personas estaban confinadas.<\/p>\n<p>En cuanto a accidentes de tr\u00e1nsito en las v\u00edas y carreteras del pa\u00eds,\u00a0desde enero del presente a\u00f1o se han registrado 106 siniestros de\u00a0 en esas rutas y frecuencias. Ante esto, la Agencia Nacional de Tr\u00e1nsito-ANT suspendi\u00f3 temporalmente el proceso de otorgamiento de rutas y frecuencias para el transporte interprovincial e intraprovincial, hasta la implementaci\u00f3n del Plan Nacional de Rutas y Frecuencias que ser\u00e1 presentando en seis meses, de acuerdo a la Resoluci\u00f3n 090, aprobada el 2 de julio de 2021.<\/p>\n<p>La ANT analizar\u00e1 el procedimiento de asignaci\u00f3n de rutas y frecuencias y establecer\u00e1 un plan de optimizaci\u00f3n de la oferta actual, para que sea adecuado y t\u00e9cnico. Seg\u00fan Adri\u00e1n Castro, director ejecutivo esto es fundamental para precautelar la seguridad de usuarios y conductores en la v\u00eda.<\/p>\n","protected":false},"excerpt":{"rendered":"<p>En medio de la emergencia sanitaria provocada por el Covid 19, entre marzo de 2020 y mayo de 2021 se<\/p>\n","protected":false},"author":1,"featured_media":18519,"comment_status":"closed","ping_status":"closed","sticky":false,"template":"","format":"standard","meta":{"footnotes":""},"categories":[11,1],"tags":[],"_links":{"self":[{"href":"https:\/\/www.ecuadoraldia.com.ec\/index.php?rest_route=\/wp\/v2\/posts\/18518"}],"collection":[{"href":"https:\/\/www.ecuadoraldia.com.ec\/index.php?rest_route=\/wp\/v2\/posts"}],"about":[{"href":"https:\/\/www.ecuadoraldia.com.ec\/index.php?rest_route=\/wp\/v2\/types\/post"}],"author":[{"embeddable":true,"href":"https:\/\/www.ecuadoraldia.com.ec\/index.php?rest_route=\/wp\/v2\/users\/1"}],"replies":[{"embeddable":true,"href":"https:\/\/www.ecuadoraldia.com.ec\/index.php?rest_route=%2Fwp%2Fv2%2Fcomments&post=18518"}],"version-history":[{"count":1,"href":"https:\/\/www.ecuadoraldia.com.ec\/index.php?rest_route=\/wp\/v2\/posts\/18518\/revisions"}],"predecessor-version":[{"id":18520,"href":"https:\/\/www.ecuadoraldia.com.ec\/index.php?rest_route=\/wp\/v2\/posts\/18518\/revisions\/18520"}],"wp:featuredmedia":[{"embeddable":true,"href":"https:\/\/www.ecuadoraldia.com.ec\/index.php?rest_route=\/wp\/v2\/media\/18519"}],"wp:attachment":[{"href":"https:\/\/www.ecuadoraldia.com.ec\/index.php?rest_route=%2Fwp%2Fv2%2Fmedia&parent=18518"}],"wp:term":[{"taxonomy":"category","embeddable":true,"href":"https:\/\/www.ecuadoraldia.com.ec\/index.php?rest_route=%2Fwp%2Fv2%2Fcategories&post=18518"},{"taxonomy":"post_tag","embeddable":true,"href":"https:\/\/www.ecuadoraldia.com.ec\/index.php?rest_route=%2Fwp%2Fv2%2Ftags&post=18518"}],"curies":[{"name":"wp","href":"https:\/\/api.w.org\/{rel}","templated":true}]}}