{"id":18524,"date":"2021-07-16T19:04:54","date_gmt":"2021-07-17T00:04:54","guid":{"rendered":"http:\/\/www.ecuadoraldia.com.ec\/?p=18524"},"modified":"2021-07-16T19:10:33","modified_gmt":"2021-07-17T00:10:33","slug":"intento-de-fuga-en-carcel-de-machala-con-explosion-de-cilindro-de-glp","status":"publish","type":"post","link":"https:\/\/www.ecuadoraldia.com.ec\/?p=18524","title":{"rendered":"Intento de fuga en c\u00e1rcel de Machala con explosi\u00f3n de cilindro de GLP"},"content":{"rendered":"<div class=\"kvgmc6g5 cxmmr5t8 oygrvhab hcukyx3x c1et5uql ii04i59q\">\n<div dir=\"auto\"><\/div>\n<div dir=\"auto\"><em>Se reportaron varios heridos y la explosi\u00f3n se sinti\u00f3 en algunas zonas de la urbe.<\/em><\/div>\n<div dir=\"auto\"><\/div>\n<div dir=\"auto\"><\/div>\n<div dir=\"auto\"><\/div>\n<div dir=\"auto\">Con la explosi\u00f3n del un cilindro de Gas Licuado de Petr\u00f3leo (GLP) registrado esta tarde en la c\u00e1rcel de Machala (El Oro) se pretendi\u00f3 la fuga de internos del centro penitenciario.<\/div>\n<div dir=\"auto\"><\/div>\n<div dir=\"auto\"><\/div>\n<div dir=\"auto\"><img loading=\"lazy\" decoding=\"async\" class=\"aligncenter wp-image-18528\" src=\"http:\/\/www.ecuadoraldia.com.ec\/wp-content\/uploads\/2021\/07\/WhatsApp-Image-2021-07-16-at-18.37.22-300x225.jpeg\" alt=\"\" width=\"330\" height=\"256\" \/><\/div>\n<div dir=\"auto\"><\/div>\n<div dir=\"auto\"><\/div>\n<div dir=\"auto\">\u00a0El hecho ocurri\u00f3 a las 17h20 de hoy, cuando personas se bajaron de un autom\u00f3vil Sail, color negro y dejaron la bombona del hidrocarburo en una de las paredes laterales de la c\u00e1rcel.<\/div>\n<div dir=\"auto\"><\/div>\n<div dir=\"auto\"><\/div>\n<div dir=\"auto\"><\/div>\n<\/div>\n<div dir=\"auto\"><a href=\"http:\/\/www.ecuadoraldia.com.ec\/wp-content\/uploads\/2021\/07\/WhatsApp-Image-2021-07-16-at-18.37.23.jpeg\"><img loading=\"lazy\" decoding=\"async\" class=\"aligncenter size-medium wp-image-18526\" src=\"http:\/\/www.ecuadoraldia.com.ec\/wp-content\/uploads\/2021\/07\/WhatsApp-Image-2021-07-16-at-18.37.23-300x225.jpeg\" alt=\"\" width=\"300\" height=\"225\" srcset=\"https:\/\/www.ecuadoraldia.com.ec\/wp-content\/uploads\/2021\/07\/WhatsApp-Image-2021-07-16-at-18.37.23-300x225.jpeg 300w, https:\/\/www.ecuadoraldia.com.ec\/wp-content\/uploads\/2021\/07\/WhatsApp-Image-2021-07-16-at-18.37.23-768x576.jpeg 768w, https:\/\/www.ecuadoraldia.com.ec\/wp-content\/uploads\/2021\/07\/WhatsApp-Image-2021-07-16-at-18.37.23-1024x768.jpeg 1024w, https:\/\/www.ecuadoraldia.com.ec\/wp-content\/uploads\/2021\/07\/WhatsApp-Image-2021-07-16-at-18.37.23.jpeg 1280w\" sizes=\"(max-width: 300px) 100vw, 300px\" \/><\/a><\/div>\n<div dir=\"auto\"><\/div>\n<div dir=\"auto\"><\/div>\n<div dir=\"auto\">Miembros del Comando Policial, que se ubica frente al centro penitenciario advirtieron del hecho e impidieron que los privados de libertad (PPL) salieran por el boquete originado en la pared. De inmediato personal del Cuerpo de Bomberos de la capital orense, a trav\u00e9s de su Unidad #2 acudi\u00f3 al lugar para apagar el incendio provocado en los exteriores de la c\u00e1rcel.<\/div>\n<div dir=\"auto\"><\/div>\n<div dir=\"auto\">Sin embargo, el evento que gener\u00f3 nerviosismo en los habitantes y transe\u00fantes del sector, tambi\u00e9n afect\u00f3 la infraestructura del Centro de Salud, cercano al sitio de la explosi\u00f3n, cuyos tumbados , l\u00e1mparas rotas y ventanales (vidrios) que debieron ser bajados por el personal de la unidad de bomberos.<\/div>\n<div dir=\"auto\"><\/div>\n<div dir=\"auto\">Autoridades del centro penitenciario y policiales investigan el suceso.<\/div>\n<div class=\"o9v6fnle cxmmr5t8 oygrvhab hcukyx3x c1et5uql ii04i59q\"><\/div>\n","protected":false},"excerpt":{"rendered":"<p>Se reportaron varios heridos y la explosi\u00f3n se sinti\u00f3 en algunas zonas de la urbe. Con la explosi\u00f3n del un<\/p>\n","protected":false},"author":1,"featured_media":18525,"comment_status":"closed","ping_status":"closed","sticky":false,"template":"","format":"standard","meta":{"footnotes":""},"categories":[11,20,1],"tags":[],"_links":{"self":[{"href":"https:\/\/www.ecuadoraldia.com.ec\/index.php?rest_route=\/wp\/v2\/posts\/18524"}],"collection":[{"href":"https:\/\/www.ecuadoraldia.com.ec\/index.php?rest_route=\/wp\/v2\/posts"}],"about":[{"href":"https:\/\/www.ecuadoraldia.com.ec\/index.php?rest_route=\/wp\/v2\/types\/post"}],"author":[{"embeddable":true,"href":"https:\/\/www.ecuadoraldia.com.ec\/index.php?rest_route=\/wp\/v2\/users\/1"}],"replies":[{"embeddable":true,"href":"https:\/\/www.ecuadoraldia.com.ec\/index.php?rest_route=%2Fwp%2Fv2%2Fcomments&post=18524"}],"version-history":[{"count":9,"href":"https:\/\/www.ecuadoraldia.com.ec\/index.php?rest_route=\/wp\/v2\/posts\/18524\/revisions"}],"predecessor-version":[{"id":18537,"href":"https:\/\/www.ecuadoraldia.com.ec\/index.php?rest_route=\/wp\/v2\/posts\/18524\/revisions\/18537"}],"wp:featuredmedia":[{"embeddable":true,"href":"https:\/\/www.ecuadoraldia.com.ec\/index.php?rest_route=\/wp\/v2\/media\/18525"}],"wp:attachment":[{"href":"https:\/\/www.ecuadoraldia.com.ec\/index.php?rest_route=%2Fwp%2Fv2%2Fmedia&parent=18524"}],"wp:term":[{"taxonomy":"category","embeddable":true,"href":"https:\/\/www.ecuadoraldia.com.ec\/index.php?rest_route=%2Fwp%2Fv2%2Fcategories&post=18524"},{"taxonomy":"post_tag","embeddable":true,"href":"https:\/\/www.ecuadoraldia.com.ec\/index.php?rest_route=%2Fwp%2Fv2%2Ftags&post=18524"}],"curies":[{"name":"wp","href":"https:\/\/api.w.org\/{rel}","templated":true}]}}