{"id":18538,"date":"2021-07-20T12:25:22","date_gmt":"2021-07-20T17:25:22","guid":{"rendered":"http:\/\/www.ecuadoraldia.com.ec\/?p=18538"},"modified":"2021-07-20T12:28:49","modified_gmt":"2021-07-20T17:28:49","slug":"guarderas-designo-nuevos-secretarios-en-salud-y-seguridad","status":"publish","type":"post","link":"https:\/\/www.ecuadoraldia.com.ec\/?p=18538","title":{"rendered":"Guarderas design\u00f3 nuevos secretarios"},"content":{"rendered":"<figure id=\"attachment_18539\" aria-describedby=\"caption-attachment-18539\" style=\"width: 300px\" class=\"wp-caption aligncenter\"><a href=\"http:\/\/www.ecuadoraldia.com.ec\/wp-content\/uploads\/2021\/07\/santiago_guardera-alcalde.jpg\"><img loading=\"lazy\" decoding=\"async\" class=\"size-medium wp-image-18539\" src=\"http:\/\/www.ecuadoraldia.com.ec\/wp-content\/uploads\/2021\/07\/santiago_guardera-alcalde-300x262.jpg\" alt=\"\" width=\"300\" height=\"262\" srcset=\"https:\/\/www.ecuadoraldia.com.ec\/wp-content\/uploads\/2021\/07\/santiago_guardera-alcalde-300x262.jpg 300w, https:\/\/www.ecuadoraldia.com.ec\/wp-content\/uploads\/2021\/07\/santiago_guardera-alcalde.jpg 396w\" sizes=\"(max-width: 300px) 100vw, 300px\" \/><\/a><figcaption id=\"caption-attachment-18539\" class=\"wp-caption-text\">foto municipio de Quito<\/figcaption><\/figure>\n<p>La ma\u00f1ana de, martes 20 de julio del 2021, Tras la resoluci\u00f3n de la jueza Grimanesa Erazo de revocar las medidas cautelares a favor de Jorge Yunda y Santiago Guarderas firmara posteriormente la resoluci\u00f3n de subrogaci\u00f3n ante un notario en el Concejo Metropolitano y asumi\u00f3 el cargo de Alcalde del DMQ.<\/p>\n<p>Carolina Vel\u00e1squez ser\u00e1 la nueva secretaria de coordinaci\u00f3n territorial; Juan Francisco Arias ser\u00e1 gerente del Metro; \u00c1lvaro Guzm\u00e1n ser\u00e1 designado secretario de Movilidad. Mar\u00eda de los \u00c1ngeles Rivadeneira ser\u00e1 la administradora general. Todav\u00eda se analiza qui\u00e9n se encargar\u00e1 de ser el nuevo procurador. \u201cPoco a poco seguiremos designando a los distintos funcionarios\u201d.<\/p>\n<p>Sus ejes de trabajo ser\u00e1n la reactivaci\u00f3n econ\u00f3mica, seguridad, salud y dar fuerza al Metro de Quito. Tambi\u00e9n mantuvo una reuni\u00f3n con la administradora financiera para conocer la situaci\u00f3n econ\u00f3mica del Municipio y ratific\u00f3 a la exintendenta de Pichincha, Daniela Valarezo, como nueva secretaria de Seguridad y Gobernabilidad.<\/p>\n<p>Guarderas explic\u00f3 que una de sus prioridades ser\u00e1 implementar de un C\u00f3digo de \u00c9tica para los funcionarios del Municipio, similar al que propuso el Presidente Guillermo Lasso. El tema de la vacunaci\u00f3n, luego de conocerse la presencia en Quito de la variante \u00abDELTA\u00bb, lo abligar\u00e1, dijo, a mantener una reuni\u00f3n urgente con el vicepresidente de la rep\u00fablica, Alfredo Borrero y la Ministra de salud, para la toma de medidas.<\/p>\n<p>Otro de los temas ser\u00e1 la conformaci\u00f3n de mesas de trabajo ya que el \u201cEl COE nacional ha hecho una serie de recomendaciones que debe adoptar el cabildo y luego de conocer la situaci\u00f3n epidemiol\u00f3gica tomar las decisiones pertinentes\u201d.<\/p>\n<p>En cuanto a la situaci\u00f3n de Jorge Yunda, Guarderas dijo que el exalcalde puede ingresar a las dependencias municipales como todo ciudadano, pero ya no podr\u00e1 ejercer las funciones de las que fue removido. Adem\u00e1s, se realizar\u00e1n convocatorias a los directorios para designar a los nuevos funcionarios. \u201cEn cuanto a las secretar\u00edas lo hace directamente el Alcalde y as\u00ed procederemos\u201d.<\/p>\n<p>&nbsp;<\/p>\n<p>&nbsp;<\/p>\n<p>&nbsp;<\/p>\n","protected":false},"excerpt":{"rendered":"<p>La ma\u00f1ana de, martes 20 de julio del 2021, Tras la resoluci\u00f3n de la jueza Grimanesa Erazo de revocar las<\/p>\n","protected":false},"author":1,"featured_media":0,"comment_status":"closed","ping_status":"closed","sticky":false,"template":"","format":"standard","meta":{"footnotes":""},"categories":[3,14],"tags":[],"_links":{"self":[{"href":"https:\/\/www.ecuadoraldia.com.ec\/index.php?rest_route=\/wp\/v2\/posts\/18538"}],"collection":[{"href":"https:\/\/www.ecuadoraldia.com.ec\/index.php?rest_route=\/wp\/v2\/posts"}],"about":[{"href":"https:\/\/www.ecuadoraldia.com.ec\/index.php?rest_route=\/wp\/v2\/types\/post"}],"author":[{"embeddable":true,"href":"https:\/\/www.ecuadoraldia.com.ec\/index.php?rest_route=\/wp\/v2\/users\/1"}],"replies":[{"embeddable":true,"href":"https:\/\/www.ecuadoraldia.com.ec\/index.php?rest_route=%2Fwp%2Fv2%2Fcomments&post=18538"}],"version-history":[{"count":2,"href":"https:\/\/www.ecuadoraldia.com.ec\/index.php?rest_route=\/wp\/v2\/posts\/18538\/revisions"}],"predecessor-version":[{"id":18541,"href":"https:\/\/www.ecuadoraldia.com.ec\/index.php?rest_route=\/wp\/v2\/posts\/18538\/revisions\/18541"}],"wp:attachment":[{"href":"https:\/\/www.ecuadoraldia.com.ec\/index.php?rest_route=%2Fwp%2Fv2%2Fmedia&parent=18538"}],"wp:term":[{"taxonomy":"category","embeddable":true,"href":"https:\/\/www.ecuadoraldia.com.ec\/index.php?rest_route=%2Fwp%2Fv2%2Fcategories&post=18538"},{"taxonomy":"post_tag","embeddable":true,"href":"https:\/\/www.ecuadoraldia.com.ec\/index.php?rest_route=%2Fwp%2Fv2%2Ftags&post=18538"}],"curies":[{"name":"wp","href":"https:\/\/api.w.org\/{rel}","templated":true}]}}