{"id":18542,"date":"2021-07-20T15:48:09","date_gmt":"2021-07-20T20:48:09","guid":{"rendered":"http:\/\/www.ecuadoraldia.com.ec\/?p=18542"},"modified":"2021-07-20T15:52:33","modified_gmt":"2021-07-20T20:52:33","slug":"coe-nacional-dispone-reduccion-de-aforos-ante-presencia-de-variantes-delta","status":"publish","type":"post","link":"https:\/\/www.ecuadoraldia.com.ec\/?p=18542","title":{"rendered":"COE Nacional exhorta a reducir los aforos ante la confirmaci\u00f3n de las variantes Delta"},"content":{"rendered":"<p>Ante la confirmaci\u00f3n de 30 casos de COVID-19 con las variantes Delta en el pa\u00eds, el Comit\u00e9 de Operaciones de Emergencia (COE) Nacional exhort\u00f3 a los COE de Quito y Cuenca a la reducci\u00f3n de aforos en locales de atenci\u00f3n al p\u00fablico y en el transporte p\u00fablico.<\/p>\n<p>As\u00ed, se reduce al 50% el aforo en locales cerrados y al 75% en locales abiertos. Mientras que, en el transporte p\u00fablico se reduce al 50% los aforos, adem\u00e1s del incremento de frecuencias para evitar aglomeraciones.<\/p>\n<p>Las autoridades de salud informaron que de 190 muestras secuenciales en el Instituto Nacional de Investigaci\u00f3n en Salud P\u00fablica (Inspi), 30 resultaron positivos para la variante Delta; 26 de ellos en la provincia de El Oro, dos en Quito y dos en Cuenca.<\/p>\n<p>Ante ello se ha establecido el aislamiento respectivo, cerco epidemiol\u00f3gico y los controles necesarios para evitar la propagaci\u00f3n del virus. (FA)<\/p>\n","protected":false},"excerpt":{"rendered":"<p>Ante la confirmaci\u00f3n de 30 casos de COVID-19 con las variantes Delta en el pa\u00eds, el Comit\u00e9 de Operaciones de<\/p>\n","protected":false},"author":1,"featured_media":18543,"comment_status":"closed","ping_status":"closed","sticky":false,"template":"","format":"standard","meta":{"footnotes":""},"categories":[11,14,1],"tags":[],"_links":{"self":[{"href":"https:\/\/www.ecuadoraldia.com.ec\/index.php?rest_route=\/wp\/v2\/posts\/18542"}],"collection":[{"href":"https:\/\/www.ecuadoraldia.com.ec\/index.php?rest_route=\/wp\/v2\/posts"}],"about":[{"href":"https:\/\/www.ecuadoraldia.com.ec\/index.php?rest_route=\/wp\/v2\/types\/post"}],"author":[{"embeddable":true,"href":"https:\/\/www.ecuadoraldia.com.ec\/index.php?rest_route=\/wp\/v2\/users\/1"}],"replies":[{"embeddable":true,"href":"https:\/\/www.ecuadoraldia.com.ec\/index.php?rest_route=%2Fwp%2Fv2%2Fcomments&post=18542"}],"version-history":[{"count":4,"href":"https:\/\/www.ecuadoraldia.com.ec\/index.php?rest_route=\/wp\/v2\/posts\/18542\/revisions"}],"predecessor-version":[{"id":18547,"href":"https:\/\/www.ecuadoraldia.com.ec\/index.php?rest_route=\/wp\/v2\/posts\/18542\/revisions\/18547"}],"wp:featuredmedia":[{"embeddable":true,"href":"https:\/\/www.ecuadoraldia.com.ec\/index.php?rest_route=\/wp\/v2\/media\/18543"}],"wp:attachment":[{"href":"https:\/\/www.ecuadoraldia.com.ec\/index.php?rest_route=%2Fwp%2Fv2%2Fmedia&parent=18542"}],"wp:term":[{"taxonomy":"category","embeddable":true,"href":"https:\/\/www.ecuadoraldia.com.ec\/index.php?rest_route=%2Fwp%2Fv2%2Fcategories&post=18542"},{"taxonomy":"post_tag","embeddable":true,"href":"https:\/\/www.ecuadoraldia.com.ec\/index.php?rest_route=%2Fwp%2Fv2%2Ftags&post=18542"}],"curies":[{"name":"wp","href":"https:\/\/api.w.org\/{rel}","templated":true}]}}