{"id":1858,"date":"2014-04-04T22:34:08","date_gmt":"2014-04-04T22:34:08","guid":{"rendered":"http:\/\/www.ecuadoraldia.com.ec\/?p=1858"},"modified":"2014-04-04T22:34:08","modified_gmt":"2014-04-04T22:34:08","slug":"presidente-correa-no-aceptara-disculpas-de-jimenez","status":"publish","type":"post","link":"https:\/\/www.ecuadoraldia.com.ec\/?p=1858","title":{"rendered":"Presidente Correa no aceptar\u00e1 disculpas de Jim\u00e9nez"},"content":{"rendered":"<p><a href=\"http:\/\/www.ecuadoraldia.com.ec\/wp-content\/uploads\/2014\/04\/rcorr.jpg\"><img loading=\"lazy\" decoding=\"async\" src=\"http:\/\/www.ecuadoraldia.com.ec\/wp-content\/uploads\/2014\/04\/rcorr-300x190.jpg\" alt=\"rcorr\" width=\"300\" height=\"190\" class=\"alignleft size-medium wp-image-1859\" srcset=\"https:\/\/www.ecuadoraldia.com.ec\/wp-content\/uploads\/2014\/04\/rcorr-300x190.jpg 300w, https:\/\/www.ecuadoraldia.com.ec\/wp-content\/uploads\/2014\/04\/rcorr.jpg 450w\" sizes=\"(max-width: 300px) 100vw, 300px\" \/><\/a>\u00abNo permitir\u00e9 que se metan con mi honra, defender\u00e9 la verdad\u00bb, dijo hoy el presidente de la Rep\u00fablica, Rafael Correa, al indicar que no aceptar\u00eda unas eventuales disculpas del asamble\u00edsta de Pachakutik, Cl\u00e9ver Jim\u00e9nez, sentenciado a 18 meses de prisi\u00f3n por el delito de injurias contra el Primer Mandatario.<\/p>\n<p>Correa se refiri\u00f3 as\u00ed al ser consultado sobre las declaraciones del secretario Jur\u00eddico de la Presidencia, Alexis Mera, quien el pasado mi\u00e9rcoles -en una entrevista con GamaTV- se\u00f1al\u00f3 que si el legislador pide disculpas podr\u00eda interceder ante el Jefe de Estado para que las aceptara.<\/p>\n<p>Tras recalcar que en este caso la decisi\u00f3n es exclusivamente suya, Correa manifest\u00f3 que as\u00ed como hay gente que se puede equivocar, tambi\u00e9n hay \u00abgente da\u00f1ada\u00bb, por lo que \u00abno aceptar\u00e9 disculpas de un tipo as\u00ed\u00bb.<\/p>\n<p>\u00abTiene que pagar su mentira junto a (Fernando) Villavicencio y (Carlos) Figueroa como exige la ley ecuatoriana\u00bb, acot\u00f3.<\/p>\n<p>El gobernante reiter\u00f3 que \u00abla funci\u00f3n de asamble\u00edsta no es la de demandar con falsedades\u00bb al recordar que lo que hizo Jim\u00e9nez fue acusarlo de \u00abcriminal  de lesa humanidad\u00bb, presentando una denuncia penal ante la Fiscal\u00eda. \u00abEsto es lo que ha hecho este angelito\u00bb, subray\u00f3.<\/p>\n<p>\u00abLuego de demostrar que todo era mentira, fruto del odio de un enfermo, o de tres enfermos, se declar\u00f3  como ten\u00eda que ser la ley, maliciosa y temeraria (&#8230;) entonces imag\u00ednense si se deja impune este precedente (&#8230;) en toda partes del mundo esto est\u00e1 sancionado, el d\u00eda de ma\u00f1ana en el enlace se los voy a demostrar\u00bb, apunt\u00f3 Correa en una entrevista esta ma\u00f1ana en Manab\u00ed, donde se desarrolla el Gabinete Itinerante.<\/p>\n<p>Tambi\u00e9n se refiri\u00f3 a las medidas cautelares de la Comisi\u00f3n Interamericana de Derechos Humanos (CIDH) en este caso. \u00abComo Jefe de Estado no reconozco la capacidad de dictar medidas cautelares a la CIDH\u00bb, apunt\u00f3 el Mandatario al reiterar que esa no es competencia de este organismo.<\/p>\n<p>\u00abSu funci\u00f3n otorgada por los Estados es promover los derechos humanos reconocidos en la Convenci\u00f3n\u00bb, manifest\u00f3.<\/p>\n<p>Explic\u00f3 que la resoluci\u00f3n de la CIDH dice que \u00abacusar de genocida a un funcionario p\u00fablico, en este caso el Presidente de la Rep\u00fablica es parte de la libertad de expresi\u00f3n. Que esa burocracia piense lo que le de la gana, pero aqu\u00ed en Ecuador van a encontrar soberan\u00eda y dignidad\u00bb, finaliz\u00f3.<\/p>\n<p>En tanto que los abogados de Jim\u00e9nez, Villavicencio y Figueroa dijeron que sus defendidos no van a pedir disculpas p\u00fablicas y que han enviado escritos para que sea la jueza nacional Lucy Blacio, quien se pronuncie y aplique las medidas de la CIDH, caso contrario ser\u00eda la \u00abresponsable civil y penal\u00bb.<\/p>\n","protected":false},"excerpt":{"rendered":"<p>\u00abNo permitir\u00e9 que se metan con mi honra, defender\u00e9 la verdad\u00bb, dijo hoy el presidente de la Rep\u00fablica, Rafael Correa,<\/p>\n","protected":false},"author":1,"featured_media":0,"comment_status":"open","ping_status":"open","sticky":false,"template":"","format":"standard","meta":{"footnotes":""},"categories":[3],"tags":[],"_links":{"self":[{"href":"https:\/\/www.ecuadoraldia.com.ec\/index.php?rest_route=\/wp\/v2\/posts\/1858"}],"collection":[{"href":"https:\/\/www.ecuadoraldia.com.ec\/index.php?rest_route=\/wp\/v2\/posts"}],"about":[{"href":"https:\/\/www.ecuadoraldia.com.ec\/index.php?rest_route=\/wp\/v2\/types\/post"}],"author":[{"embeddable":true,"href":"https:\/\/www.ecuadoraldia.com.ec\/index.php?rest_route=\/wp\/v2\/users\/1"}],"replies":[{"embeddable":true,"href":"https:\/\/www.ecuadoraldia.com.ec\/index.php?rest_route=%2Fwp%2Fv2%2Fcomments&post=1858"}],"version-history":[{"count":1,"href":"https:\/\/www.ecuadoraldia.com.ec\/index.php?rest_route=\/wp\/v2\/posts\/1858\/revisions"}],"predecessor-version":[{"id":1860,"href":"https:\/\/www.ecuadoraldia.com.ec\/index.php?rest_route=\/wp\/v2\/posts\/1858\/revisions\/1860"}],"wp:attachment":[{"href":"https:\/\/www.ecuadoraldia.com.ec\/index.php?rest_route=%2Fwp%2Fv2%2Fmedia&parent=1858"}],"wp:term":[{"taxonomy":"category","embeddable":true,"href":"https:\/\/www.ecuadoraldia.com.ec\/index.php?rest_route=%2Fwp%2Fv2%2Fcategories&post=1858"},{"taxonomy":"post_tag","embeddable":true,"href":"https:\/\/www.ecuadoraldia.com.ec\/index.php?rest_route=%2Fwp%2Fv2%2Ftags&post=1858"}],"curies":[{"name":"wp","href":"https:\/\/api.w.org\/{rel}","templated":true}]}}