{"id":18919,"date":"2021-09-14T12:17:55","date_gmt":"2021-09-14T17:17:55","guid":{"rendered":"http:\/\/www.ecuadoraldia.com.ec\/?p=18919"},"modified":"2021-09-14T12:17:56","modified_gmt":"2021-09-14T17:17:56","slug":"productores-bananeros-se-sumaran-a-protestas-anunciadas-para-manana","status":"publish","type":"post","link":"https:\/\/www.ecuadoraldia.com.ec\/?p=18919","title":{"rendered":"Productores bananeros se sumar\u00e1n a protestas anunciadas para ma\u00f1ana"},"content":{"rendered":"\n<p><em>Por: Fredy Aguirre A.<\/em><\/p>\n\n\n\n<p>Ante la indolencia del Gobierno Nacional, la Federaci\u00f3n Nacional de Productores Bananeros del Ecuador (Fenabe) anuncia que se unir\u00e1 al paro del 15 de septiembre, anunciado por el Movimiento Ind\u00edgenas y otros sectores sociales del pa\u00eds.<\/p>\n\n\n\n<p>Desde 2020, los 8.000 peque\u00f1os y medianos productores pierden USD 15 millones semanales, ante el irrespeto del precio m\u00ednimo de sustentaci\u00f3n de la caja de la fruta. Los exportadores, encubiertos por las autoridades gubernamentales, en promedio les pagan USD  4.00 por la fruta de exportaci\u00f3n, cuando el precio fijado es de $USD 6.25.<\/p>\n\n\n\n<p>Ante el llamado de la ministra de Agricultura, Tanlly Vera, de denunciar a quienes incumplen la Ley del Banano informamos que de las 600 denuncias presentadas ante las autoridades de control solo el 1% fueron tramitadas. El sector agr\u00edcola necesita un cambio urgente en la pol\u00edtica agropecuaria.<\/p>\n\n\n\n<p>El sector productor bananero exhorta al Gobierno Nacional a que controlen el pago justo de la fruta y apliquen verdaderos planes de contingencia para el control de plagas como el Moco y el Fusarium.<\/p>\n\n\n\n<p>Adem\u00e1s, exigimos al Gobierno Nacional la derogaci\u00f3n del Decreto Ejecutivo 183 que extiende el plazo para legalizar las plantaciones bananeras sembradas sin autorizaci\u00f3n, porque la medida beneficiar\u00eda principalmente a grandes productores. \u201cNosotros tenemos un estimado de 40.000 hect\u00e1reas sembradas ilegalmente, de las cuales muchas ya tienen c\u00f3digo, est\u00e1n exportando, pero el problema es que no se ha cobrado la multa\u201d, indic\u00f3 Franklin Torres Ch\u00e1vez, presidente de la Fenabe.<\/p>\n","protected":false},"excerpt":{"rendered":"<p>Por: Fredy Aguirre A. Ante la indolencia del Gobierno Nacional, la Federaci\u00f3n Nacional de Productores Bananeros del Ecuador (Fenabe) anuncia<\/p>\n","protected":false},"author":1,"featured_media":18920,"comment_status":"closed","ping_status":"closed","sticky":false,"template":"","format":"standard","meta":{"footnotes":""},"categories":[11,20,1],"tags":[],"_links":{"self":[{"href":"https:\/\/www.ecuadoraldia.com.ec\/index.php?rest_route=\/wp\/v2\/posts\/18919"}],"collection":[{"href":"https:\/\/www.ecuadoraldia.com.ec\/index.php?rest_route=\/wp\/v2\/posts"}],"about":[{"href":"https:\/\/www.ecuadoraldia.com.ec\/index.php?rest_route=\/wp\/v2\/types\/post"}],"author":[{"embeddable":true,"href":"https:\/\/www.ecuadoraldia.com.ec\/index.php?rest_route=\/wp\/v2\/users\/1"}],"replies":[{"embeddable":true,"href":"https:\/\/www.ecuadoraldia.com.ec\/index.php?rest_route=%2Fwp%2Fv2%2Fcomments&post=18919"}],"version-history":[{"count":1,"href":"https:\/\/www.ecuadoraldia.com.ec\/index.php?rest_route=\/wp\/v2\/posts\/18919\/revisions"}],"predecessor-version":[{"id":18921,"href":"https:\/\/www.ecuadoraldia.com.ec\/index.php?rest_route=\/wp\/v2\/posts\/18919\/revisions\/18921"}],"wp:featuredmedia":[{"embeddable":true,"href":"https:\/\/www.ecuadoraldia.com.ec\/index.php?rest_route=\/wp\/v2\/media\/18920"}],"wp:attachment":[{"href":"https:\/\/www.ecuadoraldia.com.ec\/index.php?rest_route=%2Fwp%2Fv2%2Fmedia&parent=18919"}],"wp:term":[{"taxonomy":"category","embeddable":true,"href":"https:\/\/www.ecuadoraldia.com.ec\/index.php?rest_route=%2Fwp%2Fv2%2Fcategories&post=18919"},{"taxonomy":"post_tag","embeddable":true,"href":"https:\/\/www.ecuadoraldia.com.ec\/index.php?rest_route=%2Fwp%2Fv2%2Ftags&post=18919"}],"curies":[{"name":"wp","href":"https:\/\/api.w.org\/{rel}","templated":true}]}}