{"id":18922,"date":"2021-09-14T14:30:06","date_gmt":"2021-09-14T19:30:06","guid":{"rendered":"http:\/\/www.ecuadoraldia.com.ec\/?p=18922"},"modified":"2021-09-14T14:30:06","modified_gmt":"2021-09-14T19:30:06","slug":"vaticinan-censura-y-destitucion-de-defensor-del-pueblo","status":"publish","type":"post","link":"https:\/\/www.ecuadoraldia.com.ec\/?p=18922","title":{"rendered":"Vaticinan censura y destituci\u00f3n de Defensor del Pueblo"},"content":{"rendered":"\n<p><em>Por: Gilmer Rivas Zambrano.<\/em><\/p>\n\n\n\n<p>Voceros de bancadas legislativas vaticinaron esta ma\u00f1ana la censura y destituci\u00f3n del Defensor del Pueblo, Freddy Carri\u00f3n en el marco del juicio pol\u00edtico en su contra, por presunto desv\u00edo de fondos p\u00fablicos y violaci\u00f3n del Estado de Excepci\u00f3n. Carri\u00f3n fue acusado tambi\u00e9n inicialmente de delito sexual.<\/p>\n\n\n\n<p>La sesi\u00f3n parlmentaria comenz\u00f3 a las 09h00 y se estima que se prolongar\u00e1 hasta 22h00. Previo a su inicio algunos asamble\u00edstas garantizaron 70 votos contra Carri\u00f3n. No obstante alertaron que las bancada de Uni\u00f3n por la Esperanza (Unes), tendencia Corre\u00edsta, estar\u00eda contrario a la censura.<\/p>\n\n\n\n<p>La asamble\u00edsta Yessenia Guaman\u00ed de Pachakutik rarific\u00f3 que su bancada votar\u00e1 en contra de esta \u00abmal funcionario\u00bb<\/p>\n\n\n\n<p>El asamble\u00edsta interpelante, Ricardo Vanegas (PK) asegur\u00f3 que Carri\u00f3n ser\u00e1 censurado y destituido por incumplimiento de sus funciones. \u00abVamos a votar de manera un\u00e1nime contra Carrion\u00bb agreg\u00f3 y garantiz\u00f3 los 70 votos necesarios.<\/p>\n\n\n\n<p>Otros legisladores recordaron que adem\u00e1s, Carri\u00f3n est\u00e1 involucrado en haber abusado de una mujer.<\/p>\n","protected":false},"excerpt":{"rendered":"<p>Por: Gilmer Rivas Zambrano. Voceros de bancadas legislativas vaticinaron esta ma\u00f1ana la censura y destituci\u00f3n del Defensor del Pueblo, Freddy<\/p>\n","protected":false},"author":1,"featured_media":18923,"comment_status":"closed","ping_status":"closed","sticky":false,"template":"","format":"standard","meta":{"footnotes":""},"categories":[3,1],"tags":[],"_links":{"self":[{"href":"https:\/\/www.ecuadoraldia.com.ec\/index.php?rest_route=\/wp\/v2\/posts\/18922"}],"collection":[{"href":"https:\/\/www.ecuadoraldia.com.ec\/index.php?rest_route=\/wp\/v2\/posts"}],"about":[{"href":"https:\/\/www.ecuadoraldia.com.ec\/index.php?rest_route=\/wp\/v2\/types\/post"}],"author":[{"embeddable":true,"href":"https:\/\/www.ecuadoraldia.com.ec\/index.php?rest_route=\/wp\/v2\/users\/1"}],"replies":[{"embeddable":true,"href":"https:\/\/www.ecuadoraldia.com.ec\/index.php?rest_route=%2Fwp%2Fv2%2Fcomments&post=18922"}],"version-history":[{"count":1,"href":"https:\/\/www.ecuadoraldia.com.ec\/index.php?rest_route=\/wp\/v2\/posts\/18922\/revisions"}],"predecessor-version":[{"id":18924,"href":"https:\/\/www.ecuadoraldia.com.ec\/index.php?rest_route=\/wp\/v2\/posts\/18922\/revisions\/18924"}],"wp:featuredmedia":[{"embeddable":true,"href":"https:\/\/www.ecuadoraldia.com.ec\/index.php?rest_route=\/wp\/v2\/media\/18923"}],"wp:attachment":[{"href":"https:\/\/www.ecuadoraldia.com.ec\/index.php?rest_route=%2Fwp%2Fv2%2Fmedia&parent=18922"}],"wp:term":[{"taxonomy":"category","embeddable":true,"href":"https:\/\/www.ecuadoraldia.com.ec\/index.php?rest_route=%2Fwp%2Fv2%2Fcategories&post=18922"},{"taxonomy":"post_tag","embeddable":true,"href":"https:\/\/www.ecuadoraldia.com.ec\/index.php?rest_route=%2Fwp%2Fv2%2Ftags&post=18922"}],"curies":[{"name":"wp","href":"https:\/\/api.w.org\/{rel}","templated":true}]}}