{"id":18926,"date":"2021-09-14T14:43:38","date_gmt":"2021-09-14T19:43:38","guid":{"rendered":"http:\/\/www.ecuadoraldia.com.ec\/?p=18926"},"modified":"2021-09-14T14:48:58","modified_gmt":"2021-09-14T19:48:58","slug":"organizaciones-sociales-y-agrupaciones-politicas-prueban-fuerza-en-las-calles","status":"publish","type":"post","link":"https:\/\/www.ecuadoraldia.com.ec\/?p=18926","title":{"rendered":"Organizaciones sociales y agrupaciones pol\u00edticas prueban fuerza en las calles"},"content":{"rendered":"\n<p><em>Por: Byron H. Sol\u00eds.<\/em><\/p>\n\n\n\n<p>Ma\u00f1ana 15 de septiembre de 2021, varios grupos pol\u00edticos y sociales contrarios al Gobierno del presidente derechista, Guillermo Lasso, saldr\u00e1n a las calles a protestar por los incumplimientos de ofrecimientos de campa\u00f1a y la pol\u00edtica econ\u00f3mica que aplica desde que asumi\u00f3 el cargo el 24 de mayo de este a\u00f1o.<\/p>\n\n\n\n<p><br>Aunque el llamado inicial lo realiz\u00f3 el Frente Unitario de Trabajadores (FUT), varias organizaciones se han sumado a la convocatoria, entre ellas, la Confederaci\u00f3n de Nacionalidades Ind\u00edgenas del Ecuador (CONAIE), con su presidente Leonidas Iza a la cabeza. Tambi\u00e9n se han pronunciado a favor de la protesta sectores campesinos, principalmente, los peque\u00f1os productores arroceros y bananeros del pa\u00eds.<\/p>\n\n\n\n<p><br>Los protestantes reclaman por la pretendida aprobaci\u00f3n de la denominada Ley de Oportunidades laborales que busca instaurar el trabajo por horas, eliminarlas la entrega de las utilidades de la empresa seg\u00fan las cargas, as\u00ed como la eliminaci\u00f3n de la jubilaci\u00f3n patronal. Cambios que, seg\u00fan los dirigentes sindicales, van en contra de los derechos de la clase trabajadora del pa\u00eds.<\/p>\n\n\n\n<p><br>Esto mientras que los peque\u00f1os productores de banano y arroz reclaman el respeto al precio oficial de la fruta y la gram\u00ednea. A decir de sus dirigentes, tanto el quintal de arroz, as\u00ed como la caja de banano se venden por debajo del precio establecido por las propias autoridades, sin que se aplique ning\u00fan tipo de sanci\u00f3n a los infractores.<\/p>\n\n\n\n<p><br>Y la CONAIE impulsa la suspensi\u00f3n de la subida mensual de la gasolina hecho que, seg\u00fan sostiene su l\u00edder, Leonidas Iza, ha encarecido los productos de primera necesidad y, por ende, la vida de las personas de clase media y m\u00e1s pobres del pa\u00eds. Adem\u00e1s, dijo Iza, est\u00e1n en contra de la privatizaci\u00f3n de las empresas del Estado, as\u00ed como del Instituto Ecuatoriano de Seguridad Social (IESS).<\/p>\n\n\n\n<p><br>Por otro lado, la Federaci\u00f3n de Estudiantes Universitarios de Ecuador tambi\u00e9n ha comprometido su presencia. Ellos reclamar\u00e1n por el recorte presupuestario que el Gobierno estar\u00eda aplicando en la proforma presupuestaria que est\u00e1 en tratamiento en la Asamblea Nacional.<br>Hasta el momento, ninguna autoridad de la administraci\u00f3n del presidente Lasso se ha pronunciado oficialmente al respecto<\/p>\n","protected":false},"excerpt":{"rendered":"<p>Por: Byron H. Sol\u00eds. Ma\u00f1ana 15 de septiembre de 2021, varios grupos pol\u00edticos y sociales contrarios al Gobierno del presidente<\/p>\n","protected":false},"author":1,"featured_media":18837,"comment_status":"closed","ping_status":"closed","sticky":false,"template":"","format":"standard","meta":{"footnotes":""},"categories":[11,3,1],"tags":[],"_links":{"self":[{"href":"https:\/\/www.ecuadoraldia.com.ec\/index.php?rest_route=\/wp\/v2\/posts\/18926"}],"collection":[{"href":"https:\/\/www.ecuadoraldia.com.ec\/index.php?rest_route=\/wp\/v2\/posts"}],"about":[{"href":"https:\/\/www.ecuadoraldia.com.ec\/index.php?rest_route=\/wp\/v2\/types\/post"}],"author":[{"embeddable":true,"href":"https:\/\/www.ecuadoraldia.com.ec\/index.php?rest_route=\/wp\/v2\/users\/1"}],"replies":[{"embeddable":true,"href":"https:\/\/www.ecuadoraldia.com.ec\/index.php?rest_route=%2Fwp%2Fv2%2Fcomments&post=18926"}],"version-history":[{"count":1,"href":"https:\/\/www.ecuadoraldia.com.ec\/index.php?rest_route=\/wp\/v2\/posts\/18926\/revisions"}],"predecessor-version":[{"id":18927,"href":"https:\/\/www.ecuadoraldia.com.ec\/index.php?rest_route=\/wp\/v2\/posts\/18926\/revisions\/18927"}],"wp:featuredmedia":[{"embeddable":true,"href":"https:\/\/www.ecuadoraldia.com.ec\/index.php?rest_route=\/wp\/v2\/media\/18837"}],"wp:attachment":[{"href":"https:\/\/www.ecuadoraldia.com.ec\/index.php?rest_route=%2Fwp%2Fv2%2Fmedia&parent=18926"}],"wp:term":[{"taxonomy":"category","embeddable":true,"href":"https:\/\/www.ecuadoraldia.com.ec\/index.php?rest_route=%2Fwp%2Fv2%2Fcategories&post=18926"},{"taxonomy":"post_tag","embeddable":true,"href":"https:\/\/www.ecuadoraldia.com.ec\/index.php?rest_route=%2Fwp%2Fv2%2Ftags&post=18926"}],"curies":[{"name":"wp","href":"https:\/\/api.w.org\/{rel}","templated":true}]}}