{"id":18930,"date":"2021-09-14T16:18:31","date_gmt":"2021-09-14T21:18:31","guid":{"rendered":"http:\/\/www.ecuadoraldia.com.ec\/?p=18930"},"modified":"2021-09-14T16:18:31","modified_gmt":"2021-09-14T21:18:31","slug":"nueva-ley-laboral-iria-a-la-asamblea-en-los-proximos-dias","status":"publish","type":"post","link":"https:\/\/www.ecuadoraldia.com.ec\/?p=18930","title":{"rendered":"Nueva Ley Laboral ir\u00eda a la Asamblea en los pr\u00f3ximos d\u00edas"},"content":{"rendered":"\n<p><em>Por: Diego Campos Almeida.<\/em><\/p>\n\n\n\n<p><em>Nuevas formas de contrataci\u00f3n y eliminaci\u00f3n de indemnizaciones y de la jubilaci\u00f3n patronal contiene este cuerpo legal. Estas han sido conquistas logradas por los trabajadores del pa\u00eds en sus luchas por conseguir un mayor reconocimiento a su trabajo, pero que ahora el Gobierno de derecha pretende dejarlas sin efecto.<\/em><\/p>\n\n\n\n<p>El gobierno afina la denominada Ley de Oportunidades Laborales pues espera remitirla a la Asamblea Nacional hasta fines del presente mes para su an\u00e1lisis, discusi\u00f3n y aprobaci\u00f3n. <\/p>\n\n\n\n<p>Este cuerpo legal es una de las condiciones impuestas por el Fondo Monetario Internacional, junto con la reforma tributaria y a la seguridad social, entre otras, lo que posibilitar\u00e1 que el pa\u00eds siga recibiendo los desembolsos ofrecidos por el organismo multilateral de cr\u00e9dito.<\/p>\n\n\n\n<p>El ministro del Trabajo, Patricio Donoso, indic\u00f3 en los \u00faltimos d\u00edas, en varios medios de comunicaci\u00f3n, algunos detalles de lo que contendr\u00e1 esta ley. La idea del r\u00e9gimen es contar con una legislaci\u00f3n que permita, entre otras cosas, nuevas formas de contrataci\u00f3n y de emprendimiento. En este sentido Donoso se\u00f1al\u00f3 que los trabajadores que se encuentran bajo la protecci\u00f3n del C\u00f3digo Laboral permanecer\u00e1n cobijados por este, mientras que la ley que se enviar\u00e1 a la Asamblea se ocupar\u00e1 de las nuevas contrataciones.<\/p>\n\n\n\n<p>Esto es lo que preocupa a algunos analistas y movimientos sociales, pues Donoso ha sido claro en se\u00f1alar en varias ocasiones que en el caso de los emprendimientos que no logren mantenerse en el tiempo podr\u00e1n despedir a sus trabajadores sin la respectiva indemnizaci\u00f3n. \u201cLas indemnizaciones son otra forma de castigar al empleador\u201d, sostuvo. Tambi\u00e9n se pretende eliminar la jubilaci\u00f3n patronal, que ser\u00eda reemplazado por un fondo voluntario que podr\u00eda tener aportes tanto de empleado como del empleador, \u201ceso a\u00fan est\u00e1 por definirse\u201d, manifest\u00f3.<\/p>\n\n\n\n<p>El gobierno neo liberal de Guillermo Lasso pretende, as\u00ed mismo, incorporar en el \u00e1mbito laboral la denominada econom\u00eda violeta \u201cque significa incentivos tributarios a las empresas, particularmente a las medianas y peque\u00f1as que son las grandes generadoras de empleo\u201d. Sostuvo Donoso en una entrevista concedida a un canal de televisi\u00f3n nacional d\u00edas atr\u00e1s. Indic\u00f3 que se pretende otorgar incentivos tributarios a estas empresas para la generaci\u00f3n de empleo, \u201cen cuanto a la base imponible del impuesto a la renta, de hasta un 150 por ciento en la disminuci\u00f3n de esa base imponible\u201d, indic\u00f3.<\/p>\n\n\n\n<p>Igualmente remarc\u00f3 que se beneficiar\u00e1 a las mujeres trabajadoras otorg\u00e1ndoles el mismo salario de un hombre por un mismo trabajo, aunque esto se concretar\u00eda de a poco en el tiempo. Agreg\u00f3 igualmente que se dar\u00e1 mayores oportunidades a los j\u00f3venes que deseen laborar. \u201cVamos a apoyar al joven acabando con la perversidad de que deba dejar de estudiar porque necesita estudiar\u201d, asever\u00f3.<\/p>\n\n\n\n<p>As\u00ed mismo, el Gobierno pretende atraer la inversi\u00f3n extrajera con la finalidad de generar mayor empleo en el pa\u00eds. \u201cSe est\u00e1 trabajando desde el Ministerio de la Producci\u00f3n en firmar acuerdos comerciales para atraer la inversi\u00f3n extrajera y los capitales nacionales tambi\u00e9n, porque lo que queremos es que el micro empresario y el empresario en general pierda el miedo a crecer y a incorporar nuevos trabajadores en su n\u00f3mina\u201d, sostuvo el ministro del Trabajo.<\/p>\n\n\n","protected":false},"excerpt":{"rendered":"<p>Por: Diego Campos Almeida. Nuevas formas de contrataci\u00f3n y eliminaci\u00f3n de indemnizaciones y de la jubilaci\u00f3n patronal contiene este cuerpo<\/p>\n","protected":false},"author":1,"featured_media":18931,"comment_status":"closed","ping_status":"closed","sticky":false,"template":"","format":"standard","meta":{"footnotes":""},"categories":[11,3,4,1],"tags":[],"_links":{"self":[{"href":"https:\/\/www.ecuadoraldia.com.ec\/index.php?rest_route=\/wp\/v2\/posts\/18930"}],"collection":[{"href":"https:\/\/www.ecuadoraldia.com.ec\/index.php?rest_route=\/wp\/v2\/posts"}],"about":[{"href":"https:\/\/www.ecuadoraldia.com.ec\/index.php?rest_route=\/wp\/v2\/types\/post"}],"author":[{"embeddable":true,"href":"https:\/\/www.ecuadoraldia.com.ec\/index.php?rest_route=\/wp\/v2\/users\/1"}],"replies":[{"embeddable":true,"href":"https:\/\/www.ecuadoraldia.com.ec\/index.php?rest_route=%2Fwp%2Fv2%2Fcomments&post=18930"}],"version-history":[{"count":1,"href":"https:\/\/www.ecuadoraldia.com.ec\/index.php?rest_route=\/wp\/v2\/posts\/18930\/revisions"}],"predecessor-version":[{"id":18932,"href":"https:\/\/www.ecuadoraldia.com.ec\/index.php?rest_route=\/wp\/v2\/posts\/18930\/revisions\/18932"}],"wp:featuredmedia":[{"embeddable":true,"href":"https:\/\/www.ecuadoraldia.com.ec\/index.php?rest_route=\/wp\/v2\/media\/18931"}],"wp:attachment":[{"href":"https:\/\/www.ecuadoraldia.com.ec\/index.php?rest_route=%2Fwp%2Fv2%2Fmedia&parent=18930"}],"wp:term":[{"taxonomy":"category","embeddable":true,"href":"https:\/\/www.ecuadoraldia.com.ec\/index.php?rest_route=%2Fwp%2Fv2%2Fcategories&post=18930"},{"taxonomy":"post_tag","embeddable":true,"href":"https:\/\/www.ecuadoraldia.com.ec\/index.php?rest_route=%2Fwp%2Fv2%2Ftags&post=18930"}],"curies":[{"name":"wp","href":"https:\/\/api.w.org\/{rel}","templated":true}]}}