{"id":19029,"date":"2021-09-22T18:36:20","date_gmt":"2021-09-22T23:36:20","guid":{"rendered":"http:\/\/www.ecuadoraldia.com.ec\/?p=19029"},"modified":"2021-09-23T10:24:50","modified_gmt":"2021-09-23T15:24:50","slug":"gobierno-da-a-conocer-su-plan-de-oportunidades","status":"publish","type":"post","link":"https:\/\/www.ecuadoraldia.com.ec\/?p=19029","title":{"rendered":"Gobierno da a conocer su Plan de Oportunidades"},"content":{"rendered":"\n<p><em>P<strong>o<\/strong>r: Diego Campos Almeida<\/em><\/p>\n\n\n\n<p><em>El plan contiene 16 objetivos, 55 pol\u00edticas y 130 metas. <\/em><\/p>\n\n\n\n<p>Una vez que fue aprobado por el Consejo Nacional de Planificaci\u00f3n, el Plan de Creaci\u00f3n de Oportunidades 2021-2025 se entreg\u00f3 a la Asamblea Nacional. Este documento constituye las directrices pol\u00edticas y administrativas del presente r\u00e9gimen.<\/p>\n\n\n\n<p><br>Jairon Merch\u00e1n, Secretario Nacional de Planificaci\u00f3n, al entregar el documento se\u00f1al\u00f3 que \u00abbusca aliviar las necesidades m\u00e1s sentidas de los ecuatorianos y, sobre todo, la creaci\u00f3n de oportunidades que, en este momento, se traducen en generaci\u00f3n de empleo\u00bb.<br>Este plan cuenta con cinco ejes program\u00e1ticos: econ\u00f3mico, social, seguridad, transici\u00f3n ecol\u00f3gica, e, institucional.<\/p>\n\n\n\n<p><br>Entre otras cosas, este documento, seg\u00fan Merch\u00e1n tiene una visi\u00f3n de largo plazo que va m\u00e1s all\u00e1 del per\u00edodo de gobierno y mira al Ecuador del 2030. As\u00ed, hasta el 2025 se concretar\u00edan las siguientes metas, entre otras: acumular m\u00e1s de USD 30.000  millones de d\u00f3lares en inversi\u00f3n privada, crecimiento del Producto Interno Bruto al 5%, generar dos millones de empleos, combatir la desnutrici\u00f3n cr\u00f3nica infantil.<\/p>\n","protected":false},"excerpt":{"rendered":"<p>Por: Diego Campos Almeida El plan contiene 16 objetivos, 55 pol\u00edticas y 130 metas. Una vez que fue aprobado por<\/p>\n","protected":false},"author":1,"featured_media":19030,"comment_status":"closed","ping_status":"closed","sticky":false,"template":"","format":"standard","meta":{"footnotes":""},"categories":[9,11,3,1],"tags":[],"_links":{"self":[{"href":"https:\/\/www.ecuadoraldia.com.ec\/index.php?rest_route=\/wp\/v2\/posts\/19029"}],"collection":[{"href":"https:\/\/www.ecuadoraldia.com.ec\/index.php?rest_route=\/wp\/v2\/posts"}],"about":[{"href":"https:\/\/www.ecuadoraldia.com.ec\/index.php?rest_route=\/wp\/v2\/types\/post"}],"author":[{"embeddable":true,"href":"https:\/\/www.ecuadoraldia.com.ec\/index.php?rest_route=\/wp\/v2\/users\/1"}],"replies":[{"embeddable":true,"href":"https:\/\/www.ecuadoraldia.com.ec\/index.php?rest_route=%2Fwp%2Fv2%2Fcomments&post=19029"}],"version-history":[{"count":6,"href":"https:\/\/www.ecuadoraldia.com.ec\/index.php?rest_route=\/wp\/v2\/posts\/19029\/revisions"}],"predecessor-version":[{"id":19037,"href":"https:\/\/www.ecuadoraldia.com.ec\/index.php?rest_route=\/wp\/v2\/posts\/19029\/revisions\/19037"}],"wp:featuredmedia":[{"embeddable":true,"href":"https:\/\/www.ecuadoraldia.com.ec\/index.php?rest_route=\/wp\/v2\/media\/19030"}],"wp:attachment":[{"href":"https:\/\/www.ecuadoraldia.com.ec\/index.php?rest_route=%2Fwp%2Fv2%2Fmedia&parent=19029"}],"wp:term":[{"taxonomy":"category","embeddable":true,"href":"https:\/\/www.ecuadoraldia.com.ec\/index.php?rest_route=%2Fwp%2Fv2%2Fcategories&post=19029"},{"taxonomy":"post_tag","embeddable":true,"href":"https:\/\/www.ecuadoraldia.com.ec\/index.php?rest_route=%2Fwp%2Fv2%2Ftags&post=19029"}],"curies":[{"name":"wp","href":"https:\/\/api.w.org\/{rel}","templated":true}]}}