{"id":19038,"date":"2021-09-23T12:50:42","date_gmt":"2021-09-23T17:50:42","guid":{"rendered":"http:\/\/www.ecuadoraldia.com.ec\/?p=19038"},"modified":"2021-09-23T15:52:37","modified_gmt":"2021-09-23T20:52:37","slug":"manabi-primer-congreso-internacional-de-antienvejecimiento-y-nutricion-ortomolecular","status":"publish","type":"post","link":"https:\/\/www.ecuadoraldia.com.ec\/?p=19038","title":{"rendered":"Manab\u00ed: Primer Congreso Internacional de Antienvejecimiento y Nutrici\u00f3n Ortomolecular"},"content":{"rendered":"\n<p><em>Por: Fredy Aguirre A.<\/em><\/p>\n\n\n\n<p>Durante una Rueda de Prensa, Wilson Tenorio presidente del Colegio de M\u00e9dicos del Guayas, anunci\u00f3 la realizaci\u00f3n del Primer Congreso Internacional de Antienvejecimiento y Nutrici\u00f3n Ortomolecular que se llevar\u00e1 a cabo en la ciudad de Manta, provincia de Manab\u00ed, durante los d\u00edas 1, 2, 3, 4 y 5 de diciembre del presente a\u00f1o.<\/p>\n\n\n\n<p>El encuentro m\u00e9dico tiene como objetivo, la necesidad de generar escenarios cient\u00edfico-acad\u00e9micos de reflexi\u00f3n y debate, en torno a temas de investigaci\u00f3n, desarrollo e interacci\u00f3n entre las sociedades cient\u00edficas que aportan un correcto aporte a las nuevas tendencias en medicina antienvejecimiento y longevidad no solo en el aspecto est\u00e9tico, sino en cuanto a la relaci\u00f3n terap\u00e9utica y el crecimiento de las expectativas de vida, que constituyen problemas en el contexto social y que son susceptibles de ser abordados desde la perspectiva cl\u00ednica.<\/p>\n\n\n\n<p>Adem\u00e1s de integrar a todas las sociedades cient\u00edficas y profesionales en salud abarcando la sociedad ecuatoriana de cirug\u00eda pl\u00e1stica y reconstructiva, sociedad ecuatoriana de Dermatolog\u00eda, Sociedad ecuatoriana M\u00e9dicos Est\u00e9ticos, sociedad de especialistas en medicina est\u00e9tica y especialidades a fin, sociedad ecuatoriana de pediatr\u00eda, sociedad ecuatoriana de nutrici\u00f3n y diet\u00e9tica, y todas las especialidades y profesionales a fin de integrar todas las l\u00edneas en salud para la progresi\u00f3n y el aporte a el bien cient\u00edfico colectivo en relaci\u00f3n al desarrollo del producto intelectual de nuestro pa\u00eds y poder ser generadores de nuevas tendencias en la regi\u00f3n y el mundo.<\/p>\n\n\n\n<p>El Congreso cuenta con aval acad\u00e9mico de la Universidad de Guayaquil y para su desarrollo contar\u00e1 con protocolos de bioseguridad de acuerdo a los lineamientos del COE Cantonal de Manta.<\/p>\n","protected":false},"excerpt":{"rendered":"<p>Por: Fredy Aguirre A. Durante una Rueda de Prensa, Wilson Tenorio presidente del Colegio de M\u00e9dicos del Guayas, anunci\u00f3 la<\/p>\n","protected":false},"author":1,"featured_media":19039,"comment_status":"closed","ping_status":"closed","sticky":false,"template":"","format":"standard","meta":{"footnotes":""},"categories":[11,4,20,1],"tags":[],"_links":{"self":[{"href":"https:\/\/www.ecuadoraldia.com.ec\/index.php?rest_route=\/wp\/v2\/posts\/19038"}],"collection":[{"href":"https:\/\/www.ecuadoraldia.com.ec\/index.php?rest_route=\/wp\/v2\/posts"}],"about":[{"href":"https:\/\/www.ecuadoraldia.com.ec\/index.php?rest_route=\/wp\/v2\/types\/post"}],"author":[{"embeddable":true,"href":"https:\/\/www.ecuadoraldia.com.ec\/index.php?rest_route=\/wp\/v2\/users\/1"}],"replies":[{"embeddable":true,"href":"https:\/\/www.ecuadoraldia.com.ec\/index.php?rest_route=%2Fwp%2Fv2%2Fcomments&post=19038"}],"version-history":[{"count":2,"href":"https:\/\/www.ecuadoraldia.com.ec\/index.php?rest_route=\/wp\/v2\/posts\/19038\/revisions"}],"predecessor-version":[{"id":19041,"href":"https:\/\/www.ecuadoraldia.com.ec\/index.php?rest_route=\/wp\/v2\/posts\/19038\/revisions\/19041"}],"wp:featuredmedia":[{"embeddable":true,"href":"https:\/\/www.ecuadoraldia.com.ec\/index.php?rest_route=\/wp\/v2\/media\/19039"}],"wp:attachment":[{"href":"https:\/\/www.ecuadoraldia.com.ec\/index.php?rest_route=%2Fwp%2Fv2%2Fmedia&parent=19038"}],"wp:term":[{"taxonomy":"category","embeddable":true,"href":"https:\/\/www.ecuadoraldia.com.ec\/index.php?rest_route=%2Fwp%2Fv2%2Fcategories&post=19038"},{"taxonomy":"post_tag","embeddable":true,"href":"https:\/\/www.ecuadoraldia.com.ec\/index.php?rest_route=%2Fwp%2Fv2%2Ftags&post=19038"}],"curies":[{"name":"wp","href":"https:\/\/api.w.org\/{rel}","templated":true}]}}