{"id":19043,"date":"2021-09-23T19:37:35","date_gmt":"2021-09-24T00:37:35","guid":{"rendered":"https:\/\/www.ecuadoraldia.com.ec\/?p=19043"},"modified":"2021-09-23T19:37:40","modified_gmt":"2021-09-24T00:37:40","slug":"gran-feria-de-liquidacion-en-chiriyacu","status":"publish","type":"post","link":"https:\/\/www.ecuadoraldia.com.ec\/?p=19043","title":{"rendered":"Gran Feria de liquidaci\u00f3n  en   Chiriyacu"},"content":{"rendered":"\n<figure class=\"wp-block-image size-large\"><img loading=\"lazy\" decoding=\"async\" width=\"608\" height=\"392\" src=\"http:\/\/www.ecuadoraldia.com.ec\/wp-content\/uploads\/2021\/09\/screenshot_20210923-193659_chrome8293015701912413470.jpg\" alt=\"\" class=\"wp-image-19042\" srcset=\"https:\/\/www.ecuadoraldia.com.ec\/wp-content\/uploads\/2021\/09\/screenshot_20210923-193659_chrome8293015701912413470.jpg 608w, https:\/\/www.ecuadoraldia.com.ec\/wp-content\/uploads\/2021\/09\/screenshot_20210923-193659_chrome8293015701912413470-300x193.jpg 300w\" sizes=\"(max-width: 608px) 100vw, 608px\" \/><\/figure>\n\n\n\n<p>La Agencia de Coordinaci\u00f3n Distrital del Comercio de Quito (ACDC), informa a la ciudadan\u00eda que realizar\u00e1 varias ferias de liquidaci\u00f3n de temporada en los 12 Centros Comerciales del Ahorro<\/p>\n\n\n\n<p>La  Feria de liquidaci\u00f3n de temporada ser\u00e1 este s\u00e1bado 25 de septiembre de 2021, desde las 10:00 hasta las 17:00, en el Centro Comercial Chiriyacu, ubicado en la Av. Gualberto P\u00e9rez, entre calles Alamor y Andr\u00e9s P\u00e9rez, al sur de la capital.<\/p>\n\n\n\n<p>En este sitio encontrar\u00e1 los mejores precios, con promociones y ofertas en ropa, zapatos, tecnolog\u00eda y m\u00e1s.\u00a0 As\u00ed mismo, los asistentes disfrutar\u00e1n de una programaci\u00f3n privilegiada con m\u00fasica en vivo y grupos de danza que har\u00e1n de su visita una experiencia perdurable.\u00a0 <\/p>\n","protected":false},"excerpt":{"rendered":"<p>La Agencia de Coordinaci\u00f3n Distrital del Comercio de Quito (ACDC), informa a la ciudadan\u00eda que realizar\u00e1 varias ferias de liquidaci\u00f3n<\/p>\n","protected":false},"author":1,"featured_media":0,"comment_status":"closed","ping_status":"closed","sticky":false,"template":"","format":"standard","meta":{"footnotes":""},"categories":[14],"tags":[],"_links":{"self":[{"href":"https:\/\/www.ecuadoraldia.com.ec\/index.php?rest_route=\/wp\/v2\/posts\/19043"}],"collection":[{"href":"https:\/\/www.ecuadoraldia.com.ec\/index.php?rest_route=\/wp\/v2\/posts"}],"about":[{"href":"https:\/\/www.ecuadoraldia.com.ec\/index.php?rest_route=\/wp\/v2\/types\/post"}],"author":[{"embeddable":true,"href":"https:\/\/www.ecuadoraldia.com.ec\/index.php?rest_route=\/wp\/v2\/users\/1"}],"replies":[{"embeddable":true,"href":"https:\/\/www.ecuadoraldia.com.ec\/index.php?rest_route=%2Fwp%2Fv2%2Fcomments&post=19043"}],"version-history":[{"count":1,"href":"https:\/\/www.ecuadoraldia.com.ec\/index.php?rest_route=\/wp\/v2\/posts\/19043\/revisions"}],"predecessor-version":[{"id":19044,"href":"https:\/\/www.ecuadoraldia.com.ec\/index.php?rest_route=\/wp\/v2\/posts\/19043\/revisions\/19044"}],"wp:attachment":[{"href":"https:\/\/www.ecuadoraldia.com.ec\/index.php?rest_route=%2Fwp%2Fv2%2Fmedia&parent=19043"}],"wp:term":[{"taxonomy":"category","embeddable":true,"href":"https:\/\/www.ecuadoraldia.com.ec\/index.php?rest_route=%2Fwp%2Fv2%2Fcategories&post=19043"},{"taxonomy":"post_tag","embeddable":true,"href":"https:\/\/www.ecuadoraldia.com.ec\/index.php?rest_route=%2Fwp%2Fv2%2Ftags&post=19043"}],"curies":[{"name":"wp","href":"https:\/\/api.w.org\/{rel}","templated":true}]}}