{"id":19045,"date":"2021-09-24T11:22:16","date_gmt":"2021-09-24T16:22:16","guid":{"rendered":"http:\/\/www.ecuadoraldia.com.ec\/?p=19045"},"modified":"2021-09-24T11:41:18","modified_gmt":"2021-09-24T16:41:18","slug":"regimen-laboral-alternativo-propone-ley-de-oportunidades","status":"publish","type":"post","link":"https:\/\/www.ecuadoraldia.com.ec\/?p=19045","title":{"rendered":"R\u00e9gimen laboral alternativo propone la Ley de Oportunidades"},"content":{"rendered":"\n<p><em>Por: Diego Campos Almeida<\/em><\/p>\n\n\n\n<p><em>Reformas laborales, tributarias y mecanismos para impulsar la inversi\u00f3n contiene el cuerpo legal presentado por el Ejecutivo a la Asamblea Nacional.<\/em><\/p>\n\n\n\n<p>Como ya se ven\u00eda anunciando por parte de algunos personeros del r\u00e9gimen neoliberal de Guillermo Lasso, la \u201cLey de Creaci\u00f3n de Oportunidades\u201d, que se entregar\u00e1 en las pr\u00f3ximas horas a la Asamblea Nacional para su an\u00e1lisis y aprobaci\u00f3n, contiene un r\u00e9gimen laboral alternativo, aunque a decir del Primer mandatario no se vulnerar\u00e1 ning\u00fan derecho adquirido por los trabajadores.<\/p>\n\n\n\n<p>\u201cAl contrario, vamos a proteger los derechos de todos los ecuatorianos que actualmente cuentan ya con su estabilidad laboral\u201d, dijo Lasso el pasado jueves en una cadena de televisi\u00f3n, donde dio a conocer el contenido del cuerpo legal. Sin embargo, se\u00f1al\u00f3 que s\u00f3lo tres de cada diez ecuatorianos tienen actualmente un trabajo, por lo que manifest\u00f3 se crear\u00e1, para los siete que no cuentan con empleo, \u201cun r\u00e9gimen alternativo y voluntario de oportunidades laborales, que les permitir\u00e1 acceder a nuevas modalidades de empleo acordes con los tiempos que vivimos, donde la tecnolog\u00eda permite el teletrabajo, o las horas laborales pueden repartirse de maneras diferentes\u201d, dijo.<\/p>\n\n\n\n<p>\u201cVamos a reformar el mercado laboral, pero siempre hacia adelante, nunca hacia atr\u00e1s, nunca revirtiendo derechos de quienes ya tienen su empleo. Si un empleador quiere pasar un empleado actual al nuevo c\u00f3digo, ser\u00e1 penalizado\u201d, afirm\u00f3.<\/p>\n\n\n\n<p>Entre los beneficios que, seg\u00fan el Gobierno, esta reforma propone se incluye el que se perder\u00edan las vacaciones acumuladas y que habr\u00edan m\u00e1s opciones para gozar licencias de maternidad y lactancia, que la madre podr\u00e1 escoger seg\u00fan su conveniencia.<\/p>\n\n\n\n<p><strong>La reforma tributaria<\/strong><\/p>\n\n\n\n<p>Entre las medidas tomadas por el r\u00e9gimen en el campo tributario se encuentra una contribuci\u00f3n especial para los m\u00e1s ricos. \u201cEsta contribuci\u00f3n temporal se aplicar\u00e1 durante dos a\u00f1os a personas con patrimonios mayores a los 500 mil d\u00f3lares; y por una sola vez a aquellas empresas con un patrimonio mayor al mill\u00f3n de d\u00f3lares, y que durante el 2020 generaron utilidades y mayores ventas que en 2019.\u201d, explic\u00f3 el primer mandatario.<\/p>\n\n\n\n<p>As\u00ed mismo, se\u00f1al\u00f3 que se eliminar\u00e1n, de aprobarse la Ley, varios impuestos a su criterio, no tienen sentido \u201cy que dificultan la vida de los ciudadanos, especialmente de las clases populares\u201d, indic\u00f3 y asever\u00f3 que no se subir\u00e1 ni el Impuesto al Valor Agregado (IVA), ni el precio del gas de uso dom\u00e9stico. \u201cM\u00e1s bien, se eliminar\u00e1 el IVA para una serie de productos b\u00e1sicos como pa\u00f1ales, mascarillas, alcohol, gel antibacterial, tampones, toallas sanitarias, y dem\u00e1s insumos de higiene femenina\u201d. Agreg\u00f3 Lasso. El IVA que pagan los turistas al por hospedaje, tambi\u00e9n ser\u00e1 eliminado. <\/p>\n\n\n\n<p>El primer mandatario tambi\u00e9n sostuvo que adem\u00e1s se eliminar\u00e1 el Impuesto a los Consumos Especiales (ICE) para planes de telefon\u00eda m\u00f3vil de personas y de empresas; a videojuegos, a veh\u00edculos h\u00edbridos y el\u00e9ctricos.<\/p>\n\n\n\n<p>Tambi\u00e9n \u201cse eliminar\u00e1 el impuesto a la herencia para hijos y c\u00f3nyuge. Se exonerar\u00e1n los valores pendientes del impuesto a la herencia a los fallecidos durante la pandemia\u201d, subray\u00f3.<\/p>\n\n\n\n<p>Otras de las medidas contenidas en el cuerpo legal van por el camino de eliminar el RISE y el R\u00e9gimen de Microempresarios, que actualmente cobra el 2% de las ventas de microemprendedores. \u201cEn su lugar, generaremos un R\u00e9gimen Simplificado para Emprendedores y Negocios Populares. Se trata de un r\u00e9gimen especial de entrada para emprendedores durante sus primeros 3 a\u00f1os, que incluir\u00e1 facilidades laborales para que los emprendimientos se consoliden en el tiempo\u201d, asever\u00f3.<\/p>\n\n\n\n<p>En cuanto al Impuesto a la Renta, el primer mandatario manifest\u00f3 que se propone un ajuste en las deducciones de este impuesto. \u201cEsto resultar\u00e1 en una mayor contribuci\u00f3n de una muy peque\u00f1a minor\u00eda de ecuatorianos, apenas el 3.5% de la Poblaci\u00f3n Econ\u00f3micamente Activa. Es decir, a partir de quienes ganan por encima de los 24 mil d\u00f3lares anuales\u201d, explic\u00f3<\/p>\n\n\n\n<p>Indic\u00f3 que este aporte ser\u00e1 absolutamente progresivo y gradual. \u201cSe ir\u00e1 haciendo m\u00e1s grande y solidario conforme lo paguen quienes m\u00e1s ganan\u201d, asever\u00f3.<\/p>\n\n\n\n<p><strong>Atracci\u00f3n de inversiones<\/strong><\/p>\n\n\n\n<p>Por \u00faltimo, la legislaci\u00f3n propuesta por el Ejecutivo busca tambi\u00e9n que se puedan concretar inversiones p\u00fablicas y privadas en el pa\u00eds, para lo cual propone, entre otras cosas, generar seguridad jur\u00eddica y certeza a los posibles inversionistas, \u201ccreando un nuevo marco normativo que brinde garant\u00edas\u201d.<\/p>\n\n\n\n<p>Con el fin de agilizar las posibles inversiones, el primer mandatario manifest\u00f3 que se crear\u00e1 la Secretar\u00eda de Alianzas p\u00fablicas y privadas.<\/p>\n\n\n\n<p>\u201cPara reactivar la actividad econ\u00f3mica habilitaremos zonas francas, con incentivos tributarios para actividades agro-ecol\u00f3gicas comunitarias, desarrollo rural, industrias agr\u00edcolas, log\u00edsticas, de turismo, de salud\u201d, asever\u00f3.<\/p>\n","protected":false},"excerpt":{"rendered":"<p>Por: Diego Campos Almeida Reformas laborales, tributarias y mecanismos para impulsar la inversi\u00f3n contiene el cuerpo legal presentado por el<\/p>\n","protected":false},"author":1,"featured_media":19046,"comment_status":"closed","ping_status":"closed","sticky":false,"template":"","format":"standard","meta":{"footnotes":""},"categories":[9,11,3,1],"tags":[],"_links":{"self":[{"href":"https:\/\/www.ecuadoraldia.com.ec\/index.php?rest_route=\/wp\/v2\/posts\/19045"}],"collection":[{"href":"https:\/\/www.ecuadoraldia.com.ec\/index.php?rest_route=\/wp\/v2\/posts"}],"about":[{"href":"https:\/\/www.ecuadoraldia.com.ec\/index.php?rest_route=\/wp\/v2\/types\/post"}],"author":[{"embeddable":true,"href":"https:\/\/www.ecuadoraldia.com.ec\/index.php?rest_route=\/wp\/v2\/users\/1"}],"replies":[{"embeddable":true,"href":"https:\/\/www.ecuadoraldia.com.ec\/index.php?rest_route=%2Fwp%2Fv2%2Fcomments&post=19045"}],"version-history":[{"count":4,"href":"https:\/\/www.ecuadoraldia.com.ec\/index.php?rest_route=\/wp\/v2\/posts\/19045\/revisions"}],"predecessor-version":[{"id":19050,"href":"https:\/\/www.ecuadoraldia.com.ec\/index.php?rest_route=\/wp\/v2\/posts\/19045\/revisions\/19050"}],"wp:featuredmedia":[{"embeddable":true,"href":"https:\/\/www.ecuadoraldia.com.ec\/index.php?rest_route=\/wp\/v2\/media\/19046"}],"wp:attachment":[{"href":"https:\/\/www.ecuadoraldia.com.ec\/index.php?rest_route=%2Fwp%2Fv2%2Fmedia&parent=19045"}],"wp:term":[{"taxonomy":"category","embeddable":true,"href":"https:\/\/www.ecuadoraldia.com.ec\/index.php?rest_route=%2Fwp%2Fv2%2Fcategories&post=19045"},{"taxonomy":"post_tag","embeddable":true,"href":"https:\/\/www.ecuadoraldia.com.ec\/index.php?rest_route=%2Fwp%2Fv2%2Ftags&post=19045"}],"curies":[{"name":"wp","href":"https:\/\/api.w.org\/{rel}","templated":true}]}}