{"id":19052,"date":"2021-09-24T13:00:53","date_gmt":"2021-09-24T18:00:53","guid":{"rendered":"https:\/\/www.ecuadoraldia.com.ec\/?p=19052"},"modified":"2021-09-24T13:01:01","modified_gmt":"2021-09-24T18:01:01","slug":"dichter-neira-apuesta-con-soluciones-integradas-de-retail-y-trade-para-ecuador","status":"publish","type":"post","link":"https:\/\/www.ecuadoraldia.com.ec\/?p=19052","title":{"rendered":"DICHTER &amp; NEIRA APUESTA CON SOLUCIONES INTEGRADAS DE RETAIL Y TRADE PARA ECUADOR"},"content":{"rendered":"\n<figure class=\"wp-block-image size-large\"><img loading=\"lazy\" decoding=\"async\" width=\"719\" height=\"493\" src=\"http:\/\/www.ecuadoraldia.com.ec\/wp-content\/uploads\/2021\/09\/screenshot_20210924-125218_gallery1586129878754023005.jpg\" alt=\"\" class=\"wp-image-19051\" srcset=\"https:\/\/www.ecuadoraldia.com.ec\/wp-content\/uploads\/2021\/09\/screenshot_20210924-125218_gallery1586129878754023005.jpg 719w, https:\/\/www.ecuadoraldia.com.ec\/wp-content\/uploads\/2021\/09\/screenshot_20210924-125218_gallery1586129878754023005-300x206.jpg 300w, https:\/\/www.ecuadoraldia.com.ec\/wp-content\/uploads\/2021\/09\/screenshot_20210924-125218_gallery1586129878754023005-130x90.jpg 130w\" sizes=\"(max-width: 719px) 100vw, 719px\" \/><figcaption><em>De izquierda a derecha en la foto<\/em>(Juan Carlos Ni\u00f1o, VP South Latam; Gabriel Neira, CEO dichter &amp; neira; Carlos Castillo, Managing Director Ecuador)<\/figcaption><\/figure>\n\n\n\n<p><\/p>\n\n\n\n<p>\u2022 d&amp;n cuenta con 35 a\u00f1os de experiencia en investigaci\u00f3n mercadol\u00f3gica, 10 oficinas en LATAM y m\u00e1s de 300 clientes activos a nivel global.<br>\u2022 En Ecuador la firma ofrece soluciones innovadoras en retail, trade, shopper y consumidor.<\/p>\n\n\n\n<p>Ecuador, Quito agosto de 2021.- dichter &amp; neira, agencia l\u00edder en gestionar y entender anal\u00edticamente la informaci\u00f3n del canal tradicional y moderno a trav\u00e9s de mediciones de ventas y share, as\u00ed como mediciones de ejecuci\u00f3n dentro de la tienda, fortalece su presencia en Ecuador. Su core de negocio se enfoca en grandes y medianas empresas de consumo masivo y retailers, ayud\u00e1ndolos a integrar anal\u00edticamente la din\u00e1mica de venta, la ejecuci\u00f3n dentro de las tiendas y la relaci\u00f3n del consumidor y las marcas.<\/p>\n\n\n\n<p>La firma originaria de Panam\u00e1 inici\u00f3 operaci\u00f3n en 2017 en Ecuador. Actualmente, cuenta con oficinas en Quito y mantiene proyectos de investigaci\u00f3n en m\u00e1s de 30 ciudades del pa\u00eds, trabajando con empresas nacionales y multinacionales de consumo masivo. Entre las soluciones que est\u00e1n disponibles figuran: StoreTrack (Ventas y participaci\u00f3n de mercado a trav\u00e9s de transacciones en el pdv), StoreConnectAI (Ejecuci\u00f3n en la tienda utilizando inteligencia artificial), Shopper Behavior (Path to purchase y arboles de decisi\u00f3n) y Customer Insight.<br \/>\u201cHemos liderado las mediciones de ejecuci\u00f3n en el pa\u00eds con nuestra metodolog\u00eda StoreView. Estamos muy entusiasmados por iniciar revolucionar los procesos de medici\u00f3n aplicando nuestra tecnolog\u00eda propietaria de Image Recognition, desarrollada con Inteligencia Artificial. Esta tecnolog\u00eda permitir\u00e1 a las empresas de consumo masivo hacer sus mediciones de manera m\u00e1s eficiente, objetiva y masiva, tanto en el canal moderno como en el tradicional.\u201d Destac\u00f3 Carlos Castillo, Managing Director dichter &amp; neira Ecuador.<\/p>\n\n\n\n<p>A nivel global y a lo largo de su trayectoria, dichter &amp; neira ha sido reconocida con premios tales como: ESOMAR Best Paper del congreso LATAM 2016 con su Paper de Coca-Cola Culture Club, el cual reconoci\u00f3 la metodolog\u00eda de Ejecuci\u00f3n StoreView implementada para la compa\u00f1\u00eda.<\/p>\n\n\n\n<p>Para este 2021 la compa\u00f1\u00eda mantiene y refuerza sus valores de flexibilidad, rapidez e innovaci\u00f3n caracter\u00edsticos en todos los productos que se ofrecen en el mercado ecuatoriano. El expertise de su CEO, as\u00ed como de sus directores han permitido la expansi\u00f3n de sus operaciones contando con m\u00e1s de 60 plazas de trabajo locales entre directos e indirectos.<\/p>\n","protected":false},"excerpt":{"rendered":"<p>\u2022 d&amp;n cuenta con 35 a\u00f1os de experiencia en investigaci\u00f3n mercadol\u00f3gica, 10 oficinas en LATAM y m\u00e1s de 300 clientes<\/p>\n","protected":false},"author":1,"featured_media":0,"comment_status":"closed","ping_status":"closed","sticky":false,"template":"","format":"standard","meta":{"footnotes":""},"categories":[1],"tags":[],"_links":{"self":[{"href":"https:\/\/www.ecuadoraldia.com.ec\/index.php?rest_route=\/wp\/v2\/posts\/19052"}],"collection":[{"href":"https:\/\/www.ecuadoraldia.com.ec\/index.php?rest_route=\/wp\/v2\/posts"}],"about":[{"href":"https:\/\/www.ecuadoraldia.com.ec\/index.php?rest_route=\/wp\/v2\/types\/post"}],"author":[{"embeddable":true,"href":"https:\/\/www.ecuadoraldia.com.ec\/index.php?rest_route=\/wp\/v2\/users\/1"}],"replies":[{"embeddable":true,"href":"https:\/\/www.ecuadoraldia.com.ec\/index.php?rest_route=%2Fwp%2Fv2%2Fcomments&post=19052"}],"version-history":[{"count":1,"href":"https:\/\/www.ecuadoraldia.com.ec\/index.php?rest_route=\/wp\/v2\/posts\/19052\/revisions"}],"predecessor-version":[{"id":19053,"href":"https:\/\/www.ecuadoraldia.com.ec\/index.php?rest_route=\/wp\/v2\/posts\/19052\/revisions\/19053"}],"wp:attachment":[{"href":"https:\/\/www.ecuadoraldia.com.ec\/index.php?rest_route=%2Fwp%2Fv2%2Fmedia&parent=19052"}],"wp:term":[{"taxonomy":"category","embeddable":true,"href":"https:\/\/www.ecuadoraldia.com.ec\/index.php?rest_route=%2Fwp%2Fv2%2Fcategories&post=19052"},{"taxonomy":"post_tag","embeddable":true,"href":"https:\/\/www.ecuadoraldia.com.ec\/index.php?rest_route=%2Fwp%2Fv2%2Ftags&post=19052"}],"curies":[{"name":"wp","href":"https:\/\/api.w.org\/{rel}","templated":true}]}}