{"id":19058,"date":"2021-09-24T17:37:53","date_gmt":"2021-09-24T22:37:53","guid":{"rendered":"http:\/\/www.ecuadoraldia.com.ec\/?p=19058"},"modified":"2021-09-24T17:37:54","modified_gmt":"2021-09-24T22:37:54","slug":"ley-de-oportunidades-tiene-seguidores-y-detractores","status":"publish","type":"post","link":"https:\/\/www.ecuadoraldia.com.ec\/?p=19058","title":{"rendered":"Ley de Oportunidades tiene seguidores y detractores"},"content":{"rendered":"\n<p><em>Por: Diego Campos Almeida<\/em><\/p>\n\n\n\n<p><em>Los temas laborales son los que m\u00e1s cuestionamientos tienen. La Asamblea tiene 30 d\u00edas para aprobar o rechazar el documento<\/em><\/p>\n\n\n\n<p>El proyecto de Ley de Creaci\u00f3n de Oportunidades presentado ayer a la Asamblea Nacional por el presidente de la Rep\u00fablica, Guillermo Lasso, con el car\u00e1cter de econ\u00f3mico urgente tiene sus defensores especialmente entre los sectores empresariales, industriales y pol\u00edticos de derecha; mientras que sus detractores se ubican m\u00e1s bien por el lado de los trabajadores, sectores sindicales y movimientos sociales.<\/p>\n\n\n\n<p>Es que el mencionado cuerpo legal pretende, entre otras cosas, crear un r\u00e9gimen laboral alternativo al que contiene el C\u00f3digo Laboral actual. &nbsp;\u201cEl trabajador ha ganado la libertad para elegir la forma, tiempo y modo en c\u00f3mo trabaja. Hoy en d\u00eda, mantener como \u00fanica opci\u00f3n una normativa en muchos aspectos anacr\u00f3nica es la m\u00e1xima vulneraci\u00f3n de derechos\u201d, se\u00f1ala parte del documento.<\/p>\n\n\n\n<p>En esto concuerda el director ejecutivo de la C\u00e1mara de Comercio de Guayaquil, Juan Carlos D\u00edaz-Granados, para quien es necesario crear nuevas modalidades de trabajo \u201cen un mundo que ha cambiado\u201d, se\u00f1al\u00f3.<\/p>\n\n\n\n<p>As\u00ed, las contrataciones que se produzcan de ahora en adelante, si se aprueba la ley, podr\u00edan determinar horarios flexibles de labores, sin pasarse de las 40 horas semanales; es decir un trabajador podr\u00eda trabajar unos d\u00edas m\u00e1s de ocho horas y otros d\u00edas menos. Tambi\u00e9n la ley posibilitar\u00eda la contrataci\u00f3n por horas.<\/p>\n\n\n\n<p>Otros temas sensibles que toca el proyecto de ley de Creaci\u00f3n de Oportunidades en materia laboral, son los que hacen relaci\u00f3n a las indemnizaciones por despido y el aporte del empleador a la jubilaci\u00f3n patronal.<\/p>\n\n\n\n<p>Estos puntos son rechazados por las organizaciones sociales y sindicales del pa\u00eds, pues consideran que se vulnerar\u00edan derechos laborales adquiridos a lo largo del tiempo y que adem\u00e1s la pretendida ley estar\u00eda vulnerando la Constituci\u00f3n, ya que a decir de Mes\u00edas Tatamuez, presidente de la Cedocut, no se puede presentar en el mismo cuerpo legal temas relacionados con lo laboral, tributario y econ\u00f3mico. Por eso estima que la Asamblea devolver\u00e1 el proyecto al Ejecutivo para que \u00e9ste separe las propuestas.<\/p>\n\n\n\n<p>Algo similar opina el ex ministro Coordinador de la Pol\u00edtica Econ\u00f3mica, Diego Borja, para quien lo que propone el Ejecutivo es aprovecharse de las condiciones actuales de los ecuatorianos para ofrecerles cualquier empleo \u201cy decir, vamos a generar una ley de alta flexibilizaci\u00f3n del trabajo, de alta precarizaci\u00f3n, en la cual las personas que no encuentran un trabajo y que pueden hacerlo sin las debidas protecciones de la seguridad social, de los pagos m\u00ednimos por su trabajo, sin las debidas modificaciones, la gente va a aceptar\u201d, cuestion\u00f3 en di\u00e1logo con Ecuador al D\u00eda.<\/p>\n\n\n\n<p>En lo tributario, en cambio, este cuerpo legal establece, entre otras cosas, una contribuci\u00f3n \u00fanica y por dos a\u00f1os a quienes tengan un patrimonio superior a los 500 mil d\u00f3lares y a las empresas que superen el mill\u00f3n de d\u00f3lares de patrimonio.<\/p>\n\n\n\n<p>\u201cSe estima que las contribuciones objeto de esta ley significar\u00e1n un impulso de al menos USD 700 millones para la sostenibilidad fiscal del Estado. Este est\u00edmulo al sector p\u00fablico est\u00e1 equiparado por los incentivos al sector privado propuestos por esta ley, as\u00ed como por los costos derivados del financiamiento de la atenci\u00f3n de la pandemia\u201d, indica el documento.<\/p>\n\n\n\n<p>Para Borja, \u00e9stos son los impuestos que se deben aplicar por parte del r\u00e9gimen, es decir, los que van encaminados hacia los m\u00e1s ricos \u201cA los grandes capitales, a los grandes empresarios que en conjunto tienen 60 mil millones de d\u00f3lares en activos\u201d, asever\u00f3.<\/p>\n\n\n\n<p>Mientras que el ex alcalde de Guayaquil, Jaime Nebot, tambi\u00e9n se mostr\u00f3 contrario a este cuerpo legal, \u201ces un Estado que traga y un pueblo que paga\u201d, cuestion\u00f3 al tiempo de se\u00f1alar que los impuestos los termina pagando el consumidor final, pues los empresarios e industriales lo cargar\u00e1n a este al momento de la venta de sus productos y servicios.<\/p>\n\n\n\n<p>Tambi\u00e9n la ley ampliar\u00eda la base impositiva del impuesto a la renta al cobrarse a quienes tengan ingresos desde los 24 mil d\u00f3lares al a\u00f1o. Adem\u00e1s, eliminar\u00eda el impuesto al valor agregado de varios art\u00edculos, sobre todo de uso femenino, as\u00ed como el impuesto a los consumos especiales en los planes de telefon\u00eda celular.<\/p>\n","protected":false},"excerpt":{"rendered":"<p>Por: Diego Campos Almeida Los temas laborales son los que m\u00e1s cuestionamientos tienen. La Asamblea tiene 30 d\u00edas para aprobar<\/p>\n","protected":false},"author":1,"featured_media":19059,"comment_status":"closed","ping_status":"closed","sticky":false,"template":"","format":"standard","meta":{"footnotes":""},"categories":[11,3,1],"tags":[],"_links":{"self":[{"href":"https:\/\/www.ecuadoraldia.com.ec\/index.php?rest_route=\/wp\/v2\/posts\/19058"}],"collection":[{"href":"https:\/\/www.ecuadoraldia.com.ec\/index.php?rest_route=\/wp\/v2\/posts"}],"about":[{"href":"https:\/\/www.ecuadoraldia.com.ec\/index.php?rest_route=\/wp\/v2\/types\/post"}],"author":[{"embeddable":true,"href":"https:\/\/www.ecuadoraldia.com.ec\/index.php?rest_route=\/wp\/v2\/users\/1"}],"replies":[{"embeddable":true,"href":"https:\/\/www.ecuadoraldia.com.ec\/index.php?rest_route=%2Fwp%2Fv2%2Fcomments&post=19058"}],"version-history":[{"count":1,"href":"https:\/\/www.ecuadoraldia.com.ec\/index.php?rest_route=\/wp\/v2\/posts\/19058\/revisions"}],"predecessor-version":[{"id":19060,"href":"https:\/\/www.ecuadoraldia.com.ec\/index.php?rest_route=\/wp\/v2\/posts\/19058\/revisions\/19060"}],"wp:featuredmedia":[{"embeddable":true,"href":"https:\/\/www.ecuadoraldia.com.ec\/index.php?rest_route=\/wp\/v2\/media\/19059"}],"wp:attachment":[{"href":"https:\/\/www.ecuadoraldia.com.ec\/index.php?rest_route=%2Fwp%2Fv2%2Fmedia&parent=19058"}],"wp:term":[{"taxonomy":"category","embeddable":true,"href":"https:\/\/www.ecuadoraldia.com.ec\/index.php?rest_route=%2Fwp%2Fv2%2Fcategories&post=19058"},{"taxonomy":"post_tag","embeddable":true,"href":"https:\/\/www.ecuadoraldia.com.ec\/index.php?rest_route=%2Fwp%2Fv2%2Ftags&post=19058"}],"curies":[{"name":"wp","href":"https:\/\/api.w.org\/{rel}","templated":true}]}}