{"id":19065,"date":"2021-09-27T11:10:51","date_gmt":"2021-09-27T16:10:51","guid":{"rendered":"http:\/\/www.ecuadoraldia.com.ec\/?p=19065"},"modified":"2021-09-27T11:11:06","modified_gmt":"2021-09-27T16:11:06","slug":"nuevas-formas-de-contratacion-permitirian-la-inestabilidad","status":"publish","type":"post","link":"https:\/\/www.ecuadoraldia.com.ec\/?p=19065","title":{"rendered":"Nuevas formas de contrataci\u00f3n permitir\u00edan la inestabilidad"},"content":{"rendered":"\n<p>P<em>or: Diego Campos Almeida<\/em><\/p>\n\n\n\n<p><em>El<\/em> r<em>\u00e9gimen laboral alternativo propuesto por el Ejecutivo, permite bajar la remuneraci\u00f3n, elimina la estabilidad y sube la jornada de trabajo hasta por 12 horas.<\/em><\/p>\n\n\n\n<p>Uno de los temas pol\u00e9micos del proyecto de Ley de Creaci\u00f3n de Oportunidades, que se analiza en la Asamblea Nacional, con el car\u00e1cter de econ\u00f3mico urgente, es el que tiene que ver con los contratos alternativos por tiempo definido y por tiempo indefinido, pues da pie a nuevas formas de contrataci\u00f3n que no solo permitir\u00edan bajar la remuneraci\u00f3n, sino que generar\u00eda, a decir de algunos sectores sindicales y sociales, la inestabilidad laboral. Adem\u00e1s, permitir\u00eda que la jornada de trabajo pueda extenderse hasta por doce horas.<\/p>\n\n\n\n<p>En el proyecto de ley, el contrato alternativo por tiempo definido \u201cprever\u00e1 seis meses como tiempo m\u00ednimo de duraci\u00f3n y cuatro a\u00f1os como tiempo m\u00e1ximo de duraci\u00f3n\u201d. Luego de la celebraci\u00f3n del contrato, en cualquier momento, las partes podr\u00edan acordar reducir o extender varias veces la duraci\u00f3n del mismo con tiempos distintos a los antes pactados, pero respetando el tiempo m\u00ednimo de duraci\u00f3n y el tiempo m\u00e1ximo antes indicados.<\/p>\n\n\n\n<p>Si luego del tiempo de duraci\u00f3n pactado o del tiempo m\u00e1ximo de duraci\u00f3n el contrato alternativo por tiempo definido no terminase, considerando el Art\u00edculo 73 de la ley, se transformar\u00eda en un contrato alternativo por tiempo indefinido.<\/p>\n\n\n\n<p>Otra forma de contrataci\u00f3n que establece la propuesta del Ejecutivo es el denominado contrato alternativo por obra o servicio determinado, el mismo que se termina una vez concluida la labor para la cual fue contratado el trabajador.<\/p>\n\n\n\n<p>A este se suman los contratos alternativos eventuales que se definen como aquellos que se realizan para satisfacer acaecimientos circunstanciales o peri\u00f3dicos del empleador,<\/p>\n\n\n\n<p>tales como, y sin limitarse a estos, el reemplazo de personal, la atenci\u00f3n a una mayor demanda de productos o de servicios, las actividades que requieren m\u00e1s personal por raz\u00f3n de una temporada, entre otras. \u201cEste contrato termina una vez concluido el acaecimiento\u201d, se\u00f1ala el documento.<\/p>\n\n\n\n<p>En el caso de los contratos a prueba, \u00e9stos podr\u00edan extenderse hasta por cinco meses, solo para la primera contrataci\u00f3n. \u201cPero para el caso de nuevas contrataciones del trabajador y siempre que sea para cargos distintos a los anteriormente desempe\u00f1ados, tambi\u00e9n se entender\u00e1 incorporado dicho tiempo de prueba\u201d, agrega.<\/p>\n\n\n\n<p>As\u00ed mismo indica que durante el tiempo de prueba cualquiera de las partes podr\u00eda dar por terminado el contrato, es decir, sin que entre ellas se generen obligaciones de pago de indemnizaciones o de bonificaciones de ninguna clase.<\/p>\n","protected":false},"excerpt":{"rendered":"<p>Por: Diego Campos Almeida El r\u00e9gimen laboral alternativo propuesto por el Ejecutivo, permite bajar la remuneraci\u00f3n, elimina la estabilidad y<\/p>\n","protected":false},"author":1,"featured_media":19067,"comment_status":"closed","ping_status":"closed","sticky":false,"template":"","format":"standard","meta":{"footnotes":""},"categories":[11,3,4,1],"tags":[],"_links":{"self":[{"href":"https:\/\/www.ecuadoraldia.com.ec\/index.php?rest_route=\/wp\/v2\/posts\/19065"}],"collection":[{"href":"https:\/\/www.ecuadoraldia.com.ec\/index.php?rest_route=\/wp\/v2\/posts"}],"about":[{"href":"https:\/\/www.ecuadoraldia.com.ec\/index.php?rest_route=\/wp\/v2\/types\/post"}],"author":[{"embeddable":true,"href":"https:\/\/www.ecuadoraldia.com.ec\/index.php?rest_route=\/wp\/v2\/users\/1"}],"replies":[{"embeddable":true,"href":"https:\/\/www.ecuadoraldia.com.ec\/index.php?rest_route=%2Fwp%2Fv2%2Fcomments&post=19065"}],"version-history":[{"count":2,"href":"https:\/\/www.ecuadoraldia.com.ec\/index.php?rest_route=\/wp\/v2\/posts\/19065\/revisions"}],"predecessor-version":[{"id":19069,"href":"https:\/\/www.ecuadoraldia.com.ec\/index.php?rest_route=\/wp\/v2\/posts\/19065\/revisions\/19069"}],"wp:featuredmedia":[{"embeddable":true,"href":"https:\/\/www.ecuadoraldia.com.ec\/index.php?rest_route=\/wp\/v2\/media\/19067"}],"wp:attachment":[{"href":"https:\/\/www.ecuadoraldia.com.ec\/index.php?rest_route=%2Fwp%2Fv2%2Fmedia&parent=19065"}],"wp:term":[{"taxonomy":"category","embeddable":true,"href":"https:\/\/www.ecuadoraldia.com.ec\/index.php?rest_route=%2Fwp%2Fv2%2Fcategories&post=19065"},{"taxonomy":"post_tag","embeddable":true,"href":"https:\/\/www.ecuadoraldia.com.ec\/index.php?rest_route=%2Fwp%2Fv2%2Ftags&post=19065"}],"curies":[{"name":"wp","href":"https:\/\/api.w.org\/{rel}","templated":true}]}}