{"id":19074,"date":"2021-09-29T12:34:29","date_gmt":"2021-09-29T17:34:29","guid":{"rendered":"http:\/\/www.ecuadoraldia.com.ec\/?p=19074"},"modified":"2021-09-29T12:35:00","modified_gmt":"2021-09-29T17:35:00","slug":"menos-impuestos-para-los-empresarios","status":"publish","type":"post","link":"https:\/\/www.ecuadoraldia.com.ec\/?p=19074","title":{"rendered":"Menos impuestos para los empresarios"},"content":{"rendered":"\n<p><em>Por: Diego Campos Almeida<\/em><\/p>\n\n\n\n<p><em>Los sectores productivos apoyan esta iniciativa del r\u00e9gimen, mientras que los sectores sociales y sindicales la rechazan.<\/em><\/p>\n\n\n\n<p>Las nuevas sociedades que se constituyan a partir de la aprobaci\u00f3n del proyecto de Ley Creando Oportunidades, que al momento se analiza en la Asamblea Nacional, por iniciativa del Ejecutivo, as\u00ed como tambi\u00e9n las sociedades nuevas que se constituyeren por sociedades existentes, con el objeto de realizar inversiones nuevas, podr\u00e1n gozar de incentivos tributarios hasta por 15 a\u00f1os.<\/p>\n\n\n\n<p>Varios de estos incentivos, contiene el cuerpo legal para el caso de las sociedades que realicen<\/p>\n\n\n\n<p>actividades nuevas y productivas, entre las que se destacan las siguientes: exoneraci\u00f3n del impuesto a la renta hasta por 15 a\u00f1os; exoneraci\u00f3n y\/o reducci\u00f3n del Impuesto a la Salida de Divisas (ISD) para las nuevas inversiones que suscriban contratos de inversi\u00f3n y para el pago de dividendos cuyo origen sea la reinversi\u00f3n de utilidades; exoneraci\u00f3n y\/o reducci\u00f3n del impuesto a los activos en el exterior para las nuevas inversiones que suscriban contratos de inversi\u00f3n y para el pago de dividendos cuyo origen sea la reinversi\u00f3n de utilidades.<\/p>\n\n\n\n<p>Sin embargo, aclara que los beneficios tributarios se aplicar\u00e1n sobre toda inversi\u00f3n nueva y productiva siempre y cuando las empresas justifiquen los criterios de transparencia y sustancia econ\u00f3mica. \u201cLos beneficios tributarios acumulados durante el periodo de la inversi\u00f3n, no exceder\u00e1n en ning\u00fan caso el monto de la inversi\u00f3n\u201d, se\u00f1ala el documento.<\/p>\n\n\n\n<p>Para los sectores empresariales e industriales del pa\u00eds estas medidas son necesarias para poder encaminar recursos a la inversi\u00f3n y as\u00ed poder generar mayores ganancias, pero tambi\u00e9n m\u00e1s empleo, que es uno de los objetivos del r\u00e9gimen, aunque en este caso varios de los derechos laborales alcanzados con anterioridad ser\u00edan eliminados o reducidos con la aprobaci\u00f3n de la Ley de Creaci\u00f3n de Oportunidades, de corte neoliberal, pues el empleador podr\u00e1 decidir, entre otras cosas, si reduce la jornada laboral del empleado y, por lo tanto su remuneraci\u00f3n. Tambi\u00e9n dejar\u00eda de pagar el costo total por horas extras, as\u00ed como el aporte patronal a la jubilaci\u00f3n.<\/p>\n","protected":false},"excerpt":{"rendered":"<p>Por: Diego Campos Almeida Los sectores productivos apoyan esta iniciativa del r\u00e9gimen, mientras que los sectores sociales y sindicales la<\/p>\n","protected":false},"author":1,"featured_media":19076,"comment_status":"closed","ping_status":"closed","sticky":false,"template":"","format":"standard","meta":{"footnotes":""},"categories":[11,3,4,1],"tags":[],"_links":{"self":[{"href":"https:\/\/www.ecuadoraldia.com.ec\/index.php?rest_route=\/wp\/v2\/posts\/19074"}],"collection":[{"href":"https:\/\/www.ecuadoraldia.com.ec\/index.php?rest_route=\/wp\/v2\/posts"}],"about":[{"href":"https:\/\/www.ecuadoraldia.com.ec\/index.php?rest_route=\/wp\/v2\/types\/post"}],"author":[{"embeddable":true,"href":"https:\/\/www.ecuadoraldia.com.ec\/index.php?rest_route=\/wp\/v2\/users\/1"}],"replies":[{"embeddable":true,"href":"https:\/\/www.ecuadoraldia.com.ec\/index.php?rest_route=%2Fwp%2Fv2%2Fcomments&post=19074"}],"version-history":[{"count":1,"href":"https:\/\/www.ecuadoraldia.com.ec\/index.php?rest_route=\/wp\/v2\/posts\/19074\/revisions"}],"predecessor-version":[{"id":19075,"href":"https:\/\/www.ecuadoraldia.com.ec\/index.php?rest_route=\/wp\/v2\/posts\/19074\/revisions\/19075"}],"wp:featuredmedia":[{"embeddable":true,"href":"https:\/\/www.ecuadoraldia.com.ec\/index.php?rest_route=\/wp\/v2\/media\/19076"}],"wp:attachment":[{"href":"https:\/\/www.ecuadoraldia.com.ec\/index.php?rest_route=%2Fwp%2Fv2%2Fmedia&parent=19074"}],"wp:term":[{"taxonomy":"category","embeddable":true,"href":"https:\/\/www.ecuadoraldia.com.ec\/index.php?rest_route=%2Fwp%2Fv2%2Fcategories&post=19074"},{"taxonomy":"post_tag","embeddable":true,"href":"https:\/\/www.ecuadoraldia.com.ec\/index.php?rest_route=%2Fwp%2Fv2%2Ftags&post=19074"}],"curies":[{"name":"wp","href":"https:\/\/api.w.org\/{rel}","templated":true}]}}