{"id":19077,"date":"2021-09-30T07:59:23","date_gmt":"2021-09-30T12:59:23","guid":{"rendered":"https:\/\/www.ecuadoraldia.com.ec\/?p=19077"},"modified":"2021-09-30T07:59:24","modified_gmt":"2021-09-30T12:59:24","slug":"116-fallecidos-por-amotinamiento-carcelario","status":"publish","type":"post","link":"https:\/\/www.ecuadoraldia.com.ec\/?p=19077","title":{"rendered":"116 fallecidos por amotinamiento carcelario"},"content":{"rendered":"\n<figure class=\"wp-block-image size-large\"><a href=\"https:\/\/www.ecuadoraldia.com.ec\/wp-content\/uploads\/2021\/09\/carcel-2.jpg\"><img loading=\"lazy\" decoding=\"async\" width=\"1024\" height=\"557\" src=\"https:\/\/www.ecuadoraldia.com.ec\/wp-content\/uploads\/2021\/09\/carcel-2-1024x557.jpg\" alt=\"\" class=\"wp-image-19078\" srcset=\"https:\/\/www.ecuadoraldia.com.ec\/wp-content\/uploads\/2021\/09\/carcel-2-1024x557.jpg 1024w, https:\/\/www.ecuadoraldia.com.ec\/wp-content\/uploads\/2021\/09\/carcel-2-300x163.jpg 300w, https:\/\/www.ecuadoraldia.com.ec\/wp-content\/uploads\/2021\/09\/carcel-2-768x417.jpg 768w, https:\/\/www.ecuadoraldia.com.ec\/wp-content\/uploads\/2021\/09\/carcel-2.jpg 1126w\" sizes=\"(max-width: 1024px) 100vw, 1024px\" \/><\/a><\/figure>\n\n\n\n<p><\/p>\n\n\n\n<p>El presidente Guillermo Lasso confirm\u00f3 la noche de este mi\u00e9rcoles 29 de septiembre de 2021 que el mot\u00edn en la Penitenciar\u00eda del Litora, en Guayaquil l cobr\u00f3 la vida de 116 personas privadas de la libertad (ppl). En una rueda de prensa desde el ECU911 Samborond\u00f3n, el Mandatario inform\u00f3 el plan de acci\u00f3n para controlar el sistema carcelario.<\/p>\n\n\n\n<p>El Jefe de Estado mencion\u00f3 que ninguna de las v\u00edctimas mortales corresponde a gu\u00edas penitenciarios o polic\u00edas. Solo internos del centro de rehabilitaci\u00f3n social. Adem\u00e1s, otros 80 ppl resultaron heridos.<\/p>\n\n\n\n<p>El martes se produjo un enfrentamiento entre las bandas delictivas que operan en la c\u00e1rcel. El violento incidente volvi\u00f3 a ocasionar una crisis que se ha registrado en el pa\u00eds desde el 23 de febrero.<\/p>\n\n\n\n<p>El Gobierno Nacional dispuso que en el Coliseo Abel Gilbert, en el Parque de Los Samanes se ofrecer\u00e1 informaci\u00f3n detallada sobre las v\u00edctimas del amotinamiento. All\u00ed los familiares de los ppl podr\u00e1n conocer el estado en el que se encuentre el interno y tambi\u00e9n recibir asistencia psicol\u00f3gica, de ser el caso.<\/p>\n\n\n\n<p>M\u00e1s de 200 muertos se han registrado en las c\u00e1rceles ecuatorianas durante este 2021. El actual director del Centro de Inteligencia Estrat\u00e9gica (CIES), Fausto Cobo, no brind\u00f3 los nombres de las bandas delictivas que est\u00e1n involucradas en estos hechos de violencia porque considera que ser\u00eda una apolog\u00eda al delito. (Telegrafo)<\/p>\n","protected":false},"excerpt":{"rendered":"<p>El presidente Guillermo Lasso confirm\u00f3 la noche de este mi\u00e9rcoles 29 de septiembre de 2021 que el mot\u00edn en la<\/p>\n","protected":false},"author":1,"featured_media":0,"comment_status":"closed","ping_status":"closed","sticky":false,"template":"","format":"standard","meta":{"footnotes":""},"categories":[1],"tags":[],"_links":{"self":[{"href":"https:\/\/www.ecuadoraldia.com.ec\/index.php?rest_route=\/wp\/v2\/posts\/19077"}],"collection":[{"href":"https:\/\/www.ecuadoraldia.com.ec\/index.php?rest_route=\/wp\/v2\/posts"}],"about":[{"href":"https:\/\/www.ecuadoraldia.com.ec\/index.php?rest_route=\/wp\/v2\/types\/post"}],"author":[{"embeddable":true,"href":"https:\/\/www.ecuadoraldia.com.ec\/index.php?rest_route=\/wp\/v2\/users\/1"}],"replies":[{"embeddable":true,"href":"https:\/\/www.ecuadoraldia.com.ec\/index.php?rest_route=%2Fwp%2Fv2%2Fcomments&post=19077"}],"version-history":[{"count":1,"href":"https:\/\/www.ecuadoraldia.com.ec\/index.php?rest_route=\/wp\/v2\/posts\/19077\/revisions"}],"predecessor-version":[{"id":19079,"href":"https:\/\/www.ecuadoraldia.com.ec\/index.php?rest_route=\/wp\/v2\/posts\/19077\/revisions\/19079"}],"wp:attachment":[{"href":"https:\/\/www.ecuadoraldia.com.ec\/index.php?rest_route=%2Fwp%2Fv2%2Fmedia&parent=19077"}],"wp:term":[{"taxonomy":"category","embeddable":true,"href":"https:\/\/www.ecuadoraldia.com.ec\/index.php?rest_route=%2Fwp%2Fv2%2Fcategories&post=19077"},{"taxonomy":"post_tag","embeddable":true,"href":"https:\/\/www.ecuadoraldia.com.ec\/index.php?rest_route=%2Fwp%2Fv2%2Ftags&post=19077"}],"curies":[{"name":"wp","href":"https:\/\/api.w.org\/{rel}","templated":true}]}}