{"id":19081,"date":"2021-09-30T14:36:52","date_gmt":"2021-09-30T19:36:52","guid":{"rendered":"https:\/\/www.ecuadoraldia.com.ec\/?p=19081"},"modified":"2021-09-30T14:37:15","modified_gmt":"2021-09-30T19:37:15","slug":"sayce-realizo-talleres-para-monetizar-la-musica-en-pos-pandemia","status":"publish","type":"post","link":"https:\/\/www.ecuadoraldia.com.ec\/?p=19081","title":{"rendered":"SAYCE Realiz\u00f3 talleres para monetizar la m\u00fasica en pos pandemia"},"content":{"rendered":"\n<figure class=\"wp-block-image size-large\"><img loading=\"lazy\" decoding=\"async\" width=\"504\" height=\"329\" src=\"http:\/\/www.ecuadoraldia.com.ec\/wp-content\/uploads\/2021\/09\/screenshot_20210930-141416_word2076209426934875922.jpg\" alt=\"\" class=\"wp-image-19080\" srcset=\"https:\/\/www.ecuadoraldia.com.ec\/wp-content\/uploads\/2021\/09\/screenshot_20210930-141416_word2076209426934875922.jpg 504w, https:\/\/www.ecuadoraldia.com.ec\/wp-content\/uploads\/2021\/09\/screenshot_20210930-141416_word2076209426934875922-300x196.jpg 300w\" sizes=\"(max-width: 504px) 100vw, 504px\" \/><\/figure>\n\n\n\n<p>Quito, 30 septiembre de 2021.- La Sociedad de Autores y Compositores del Ecuador (Sayce) impuls\u00f3 talleres de formaci\u00f3n gratuitos, como aporte al sector creativo musical del pa\u00eds, a trav\u00e9s del \u201cPrograma de Incentivos a la M\u00fasica\u201d en su Tercera Edici\u00f3n. Los talleres se llevaron a cabo durante el mes de septiembre y contaron con la participaci\u00f3n de representantes de agregadoras y plataformas digitales como Cd Baby, TuneCore, The Orchard, Believe, One RPm, Spotify y Tik Tok.<br \/>Los talleres de formaci\u00f3n en la Industria Musical tuvieron gran acogida por diferentes profesionales involucrados en este mundo como: artistas, autores, compositores, productores y managers. Esta actividad les permiti\u00f3 obtener herramientas y conocimiento relevante para enfrentar la era digital postpandemia.<br \/>El impacto fue realmente positivo, quienes asistieron a los talleres tienen la capacidad de hacer que sus obras est\u00e9n mejor presentadas en el mercado musical y art\u00edstico. Adicional, los participantes ya pueden monetizar sus creaciones en las diferentes plataformas digitales y redes sociales; e inclusive podr\u00e1n establecer su propia estrategia de marketing a trav\u00e9s de un plan pensado para convertir sus obras musicales en hits.<br \/>Los talleres fueron transmitidos en vivo a trav\u00e9s de la p\u00e1gina web, YouTube y Facebook de Sayce. Asimismo, para quienes no pudieron asistir a los talleres los podr\u00e1n encontrar disponibles en estas plataformas.<br \/>Con estas acciones Sayce ratifica su compromiso con el sector autoral y musical del pa\u00eds, brindando las herramientas necesarias para que la m\u00fasica trascienda en la actual era digital.<br \/>Sobre SAYCE<br \/>Es una sociedad de gesti\u00f3n colectiva, cuyo objetivo primordial es administrar los derechos patrimoniales de los autores sobre sus obras, buscando la satisfacci\u00f3n de sus socios, mediante una gesti\u00f3n transparente, cumpliendo el marco jur\u00eddico vigente y mejorando continuamente los procesos.<br \/>Como sociedad autoral, forman parte de la Confederaci\u00f3n Internacional de Sociedades de Autores y Compositores, C.I.S.A.C, organismo mundial para la protecci\u00f3n de Derechos Autorales y de otros organismos regionales afines.<br \/><br \/><\/p>\n","protected":false},"excerpt":{"rendered":"<p>Quito, 30 septiembre de 2021.- La Sociedad de Autores y Compositores del Ecuador (Sayce) impuls\u00f3 talleres de formaci\u00f3n gratuitos, como<\/p>\n","protected":false},"author":1,"featured_media":0,"comment_status":"closed","ping_status":"closed","sticky":false,"template":"","format":"standard","meta":{"footnotes":""},"categories":[11],"tags":[],"_links":{"self":[{"href":"https:\/\/www.ecuadoraldia.com.ec\/index.php?rest_route=\/wp\/v2\/posts\/19081"}],"collection":[{"href":"https:\/\/www.ecuadoraldia.com.ec\/index.php?rest_route=\/wp\/v2\/posts"}],"about":[{"href":"https:\/\/www.ecuadoraldia.com.ec\/index.php?rest_route=\/wp\/v2\/types\/post"}],"author":[{"embeddable":true,"href":"https:\/\/www.ecuadoraldia.com.ec\/index.php?rest_route=\/wp\/v2\/users\/1"}],"replies":[{"embeddable":true,"href":"https:\/\/www.ecuadoraldia.com.ec\/index.php?rest_route=%2Fwp%2Fv2%2Fcomments&post=19081"}],"version-history":[{"count":1,"href":"https:\/\/www.ecuadoraldia.com.ec\/index.php?rest_route=\/wp\/v2\/posts\/19081\/revisions"}],"predecessor-version":[{"id":19082,"href":"https:\/\/www.ecuadoraldia.com.ec\/index.php?rest_route=\/wp\/v2\/posts\/19081\/revisions\/19082"}],"wp:attachment":[{"href":"https:\/\/www.ecuadoraldia.com.ec\/index.php?rest_route=%2Fwp%2Fv2%2Fmedia&parent=19081"}],"wp:term":[{"taxonomy":"category","embeddable":true,"href":"https:\/\/www.ecuadoraldia.com.ec\/index.php?rest_route=%2Fwp%2Fv2%2Fcategories&post=19081"},{"taxonomy":"post_tag","embeddable":true,"href":"https:\/\/www.ecuadoraldia.com.ec\/index.php?rest_route=%2Fwp%2Fv2%2Ftags&post=19081"}],"curies":[{"name":"wp","href":"https:\/\/api.w.org\/{rel}","templated":true}]}}