{"id":19547,"date":"2022-06-17T10:28:48","date_gmt":"2022-06-17T15:28:48","guid":{"rendered":"https:\/\/www.ecuadoraldia.com.ec\/?p=19547"},"modified":"2022-06-17T10:43:19","modified_gmt":"2022-06-17T15:43:19","slug":"la-policia-si-pueda-usar-la-fuerza-para-repeler-manifestantes","status":"publish","type":"post","link":"https:\/\/www.ecuadoraldia.com.ec\/?p=19547","title":{"rendered":"La polic\u00eda si pueda usar la fuerza para repeler manifestantes"},"content":{"rendered":"\n<figure class=\"wp-block-image size-full\"><a href=\"https:\/\/www.ecuadoraldia.com.ec\/wp-content\/uploads\/2022\/06\/po.jpg\"><img loading=\"lazy\" decoding=\"async\" width=\"521\" height=\"246\" src=\"https:\/\/www.ecuadoraldia.com.ec\/wp-content\/uploads\/2022\/06\/po.jpg\" alt=\"\" class=\"wp-image-19551\" srcset=\"https:\/\/www.ecuadoraldia.com.ec\/wp-content\/uploads\/2022\/06\/po.jpg 521w, https:\/\/www.ecuadoraldia.com.ec\/wp-content\/uploads\/2022\/06\/po-300x142.jpg 300w\" sizes=\"(max-width: 521px) 100vw, 521px\" \/><\/a><\/figure>\n\n\n\n<p>&nbsp;Quito DM, 17 Junio 2022. El jurista y acad\u00e9mico &nbsp;Felipe Rodr\u00edguez, &nbsp;aclar\u00f3 hasta d\u00f3nde puede llegar la acci\u00f3n policial durante las protestas que se registran estos d\u00edas en el Pa\u00eds.&nbsp; Es falso que la polic\u00eda no pueda usar la fuerza en contra de los manifestantes, aclara,&nbsp; porque \u00e9sta como entidad de seguridad del Estado tiene el monopolio de la fuerza.<\/p>\n\n\n\n<p>\u201cEso quiere decir que la polic\u00eda est\u00e1 habilitada para usar la fuerza, pero siempre en uso progresivo, intentando causar el menor da\u00f1o posible\u201d.<\/p>\n\n\n\n<p>En este uso progresivo, primero que tiene que hacer el polic\u00eda es verbalizar. Segundo nivel, es repeler al manifestante, usando los escudos, alejarlos del lugar. Cuando la autoridad te dice al\u00e9jate de la calle, la persona tiene que obedecer. Sino obedeces la polic\u00eda te repele. Tambi\u00e9n est\u00e1n los toletes, estos no son ramos de flores, est\u00e1n para hacer usados, no en el rostro de las personas, s\u00ed en las piernas.<\/p>\n\n\n\n<p>Tambi\u00e9n pueden hacer el uso de munici\u00f3n no letal (bombas lacrim\u00f3genas en espacios abiertos). \u201cLas lesiones provocadas por parte de la polic\u00eda a la ciudadan\u00eda en un acto de repeler agresiones ileg\u00edtimas en una marcha que no es pac\u00edfica no acarrea consecuencias jur\u00eddicas para la polic\u00eda\u201d.<\/p>\n\n\n\n<p>Cit\u00f3 como ejemplo un video en donde se ve a una mujer aprisionada con escudos contra la pared: \u201cNo hay represi\u00f3n, lo siento\u201d. (sonorama)<\/p>\n","protected":false},"excerpt":{"rendered":"<p>&nbsp;Quito DM, 17 Junio 2022. El jurista y acad\u00e9mico &nbsp;Felipe Rodr\u00edguez, &nbsp;aclar\u00f3 hasta d\u00f3nde puede llegar la acci\u00f3n policial durante<\/p>\n","protected":false},"author":1,"featured_media":0,"comment_status":"closed","ping_status":"closed","sticky":false,"template":"","format":"standard","meta":{"footnotes":""},"categories":[11],"tags":[],"_links":{"self":[{"href":"https:\/\/www.ecuadoraldia.com.ec\/index.php?rest_route=\/wp\/v2\/posts\/19547"}],"collection":[{"href":"https:\/\/www.ecuadoraldia.com.ec\/index.php?rest_route=\/wp\/v2\/posts"}],"about":[{"href":"https:\/\/www.ecuadoraldia.com.ec\/index.php?rest_route=\/wp\/v2\/types\/post"}],"author":[{"embeddable":true,"href":"https:\/\/www.ecuadoraldia.com.ec\/index.php?rest_route=\/wp\/v2\/users\/1"}],"replies":[{"embeddable":true,"href":"https:\/\/www.ecuadoraldia.com.ec\/index.php?rest_route=%2Fwp%2Fv2%2Fcomments&post=19547"}],"version-history":[{"count":2,"href":"https:\/\/www.ecuadoraldia.com.ec\/index.php?rest_route=\/wp\/v2\/posts\/19547\/revisions"}],"predecessor-version":[{"id":19552,"href":"https:\/\/www.ecuadoraldia.com.ec\/index.php?rest_route=\/wp\/v2\/posts\/19547\/revisions\/19552"}],"wp:attachment":[{"href":"https:\/\/www.ecuadoraldia.com.ec\/index.php?rest_route=%2Fwp%2Fv2%2Fmedia&parent=19547"}],"wp:term":[{"taxonomy":"category","embeddable":true,"href":"https:\/\/www.ecuadoraldia.com.ec\/index.php?rest_route=%2Fwp%2Fv2%2Fcategories&post=19547"},{"taxonomy":"post_tag","embeddable":true,"href":"https:\/\/www.ecuadoraldia.com.ec\/index.php?rest_route=%2Fwp%2Fv2%2Ftags&post=19547"}],"curies":[{"name":"wp","href":"https:\/\/api.w.org\/{rel}","templated":true}]}}