{"id":19579,"date":"2022-06-29T17:31:16","date_gmt":"2022-06-29T22:31:16","guid":{"rendered":"https:\/\/www.ecuadoraldia.com.ec\/?p=19579"},"modified":"2022-06-29T17:32:25","modified_gmt":"2022-06-29T22:32:25","slug":"gobierno-desconoce-a-virgilio-saquicela-como-mediador-con-la-conaie","status":"publish","type":"post","link":"https:\/\/www.ecuadoraldia.com.ec\/?p=19579","title":{"rendered":"Gobierno desconoce a Virgilio Saquicela como mediador con la Conaie"},"content":{"rendered":"\n<figure class=\"wp-block-image size-full\"><a href=\"https:\/\/www.ecuadoraldia.com.ec\/wp-content\/uploads\/2022\/06\/Saquicela-700x391-1.jpg\"><img loading=\"lazy\" decoding=\"async\" width=\"700\" height=\"391\" src=\"https:\/\/www.ecuadoraldia.com.ec\/wp-content\/uploads\/2022\/06\/Saquicela-700x391-1.jpg\" alt=\"\" class=\"wp-image-19580\" srcset=\"https:\/\/www.ecuadoraldia.com.ec\/wp-content\/uploads\/2022\/06\/Saquicela-700x391-1.jpg 700w, https:\/\/www.ecuadoraldia.com.ec\/wp-content\/uploads\/2022\/06\/Saquicela-700x391-1-300x168.jpg 300w\" sizes=\"(max-width: 700px) 100vw, 700px\" \/><\/a><\/figure>\n\n\n\n<p>El viceministro de Gobierno, Homero Castanier, y el consejero presidencial Diego Ord\u00f3\u00f1ez fustigaron al titular de la Asamblea, Virgilio Saquicela (ind.), por haber votado a favor de la destituci\u00f3n del jefe de Estado, Guillermo Lasso, mientras propon\u00eda una mediacion para el di\u00e1logo con la Conaie.<\/p>\n\n\n\n<p>Los funcionarios se\u00f1alaron este mi\u00e9rcoles, 29 de junio de 2022, que Saquicela demostr\u00f3 falta de imparcialidad, al apoyar la propuesta del corre\u00edsmo que logr\u00f3 sumar 80 votos (de 92 necesarios) con Pachakutik, disidentes de la Izquierda Democr\u00e1tica (ID) y legisladores independientes.<\/p>\n\n\n\n<p>\u201cMe parece que el se\u00f1or Saquicela debi\u00f3 tener la integridad de decir que \u00e9l estaba por la destituci\u00f3n del Presidente cuando se tom\u00f3 la autoridad de convocar al di\u00e1logo\u201d, declar\u00f3 Ord\u00f3\u00f1ez a este Diario.<\/p>\n\n\n\n<p>Castanier apunt\u00f3 que \u201cun mediador tiene que ser absolutamente imparcial, tiene que buscar consensos y ayer demostr\u00f3 que \u00e9l vot\u00f3 a favor de la destituci\u00f3n del Presidente de la Rep\u00fablica\u201d.<\/p>\n\n\n\n<p>En una entrevista a la radio Sonorama, el viceministro asegur\u00f3 que \u201cla mesa de di\u00e1logo con la Confederaci\u00f3n de Nacionalidades Ind\u00edgenas del Ecuador (Conaie), como estaba conformada no va m\u00e1s\u201d.<\/p>\n\n\n\n<p>Castanier enfatiz\u00f3 que el Gobierno no ha renunciado al di\u00e1logo con la Conaie, pero sus dirigentes y los de sus filiales deben escoger a otro representante que no sea Leonidas Iza. Esto para sentarse nuevamente en las mesas t\u00e9cnicas de negociaci\u00f3n ya que Iza demostr\u00f3 que no ten\u00eda voluntad pol\u00edtica para resolver la crisis social, sino que ten\u00eda intereses pol\u00edticos ligados al derrocamiento del presidente Lasso. (El Comercio)<\/p>\n","protected":false},"excerpt":{"rendered":"<p>El viceministro de Gobierno, Homero Castanier, y el consejero presidencial Diego Ord\u00f3\u00f1ez fustigaron al titular de la Asamblea, Virgilio Saquicela<\/p>\n","protected":false},"author":1,"featured_media":0,"comment_status":"closed","ping_status":"closed","sticky":false,"template":"","format":"standard","meta":{"footnotes":""},"categories":[3],"tags":[],"_links":{"self":[{"href":"https:\/\/www.ecuadoraldia.com.ec\/index.php?rest_route=\/wp\/v2\/posts\/19579"}],"collection":[{"href":"https:\/\/www.ecuadoraldia.com.ec\/index.php?rest_route=\/wp\/v2\/posts"}],"about":[{"href":"https:\/\/www.ecuadoraldia.com.ec\/index.php?rest_route=\/wp\/v2\/types\/post"}],"author":[{"embeddable":true,"href":"https:\/\/www.ecuadoraldia.com.ec\/index.php?rest_route=\/wp\/v2\/users\/1"}],"replies":[{"embeddable":true,"href":"https:\/\/www.ecuadoraldia.com.ec\/index.php?rest_route=%2Fwp%2Fv2%2Fcomments&post=19579"}],"version-history":[{"count":1,"href":"https:\/\/www.ecuadoraldia.com.ec\/index.php?rest_route=\/wp\/v2\/posts\/19579\/revisions"}],"predecessor-version":[{"id":19581,"href":"https:\/\/www.ecuadoraldia.com.ec\/index.php?rest_route=\/wp\/v2\/posts\/19579\/revisions\/19581"}],"wp:attachment":[{"href":"https:\/\/www.ecuadoraldia.com.ec\/index.php?rest_route=%2Fwp%2Fv2%2Fmedia&parent=19579"}],"wp:term":[{"taxonomy":"category","embeddable":true,"href":"https:\/\/www.ecuadoraldia.com.ec\/index.php?rest_route=%2Fwp%2Fv2%2Fcategories&post=19579"},{"taxonomy":"post_tag","embeddable":true,"href":"https:\/\/www.ecuadoraldia.com.ec\/index.php?rest_route=%2Fwp%2Fv2%2Ftags&post=19579"}],"curies":[{"name":"wp","href":"https:\/\/api.w.org\/{rel}","templated":true}]}}