{"id":19627,"date":"2022-07-06T15:57:44","date_gmt":"2022-07-06T20:57:44","guid":{"rendered":"https:\/\/www.ecuadoraldia.com.ec\/?p=19627"},"modified":"2022-07-06T15:57:45","modified_gmt":"2022-07-06T20:57:45","slug":"saquicela-denuncio-en-la-fiscalia-hackeo-de-sistema-informatico","status":"publish","type":"post","link":"https:\/\/www.ecuadoraldia.com.ec\/?p=19627","title":{"rendered":"Saquicela denunci\u00f3 en la fiscal\u00eda hackeo de sistema inform\u00e1tico."},"content":{"rendered":"\n<figure class=\"wp-block-image size-full\"><a href=\"https:\/\/www.ecuadoraldia.com.ec\/wp-content\/uploads\/2022\/07\/saquicelavirgilio.jpg\"><img loading=\"lazy\" decoding=\"async\" width=\"429\" height=\"259\" src=\"https:\/\/www.ecuadoraldia.com.ec\/wp-content\/uploads\/2022\/07\/saquicelavirgilio.jpg\" alt=\"\" class=\"wp-image-19628\" srcset=\"https:\/\/www.ecuadoraldia.com.ec\/wp-content\/uploads\/2022\/07\/saquicelavirgilio.jpg 429w, https:\/\/www.ecuadoraldia.com.ec\/wp-content\/uploads\/2022\/07\/saquicelavirgilio-300x181.jpg 300w\" sizes=\"(max-width: 429px) 100vw, 429px\" \/><\/a><\/figure>\n\n\n\n<p>Mi\u00e9rcoles, 06 de julio del 2022.Quito, el presidente de la Asamblea Nacional, Virgilio Saquicela, interpuso una denuncia ante la Fiscal\u00eda para que se investigue los presuntos problemas en el sistema de votaci\u00f3n electr\u00f3nica, que ocurrieron el pasado 28 de junio.<\/p>\n\n\n\n<p>El titular de la Legislatura inform\u00f3 que los an\u00e1lisis del equipo inform\u00e1tico determinaron que ese d\u00eda una direcci\u00f3n IP externa habr\u00eda ingresado a la herramienta inform\u00e1tica de acceso remoto Anydesk y no a la curul electr\u00f3nica, cuyas claves son responsabilidad de cada legislador, quienes conocen la prohibici\u00f3n de entregar dichos accesos a terceras personas.<\/p>\n\n\n\n<p>\u201cNada tiene que ver la Asamblea ni los funcionarios de la Asamblea Nacional en este hecho, es un caso posiblemente de afuera, que debe ser aclarado\u201d, reiter\u00f3 el presidente Saquicela, quien enfatiz\u00f3 que este hecho deber\u00e1 ser investigado por la Fiscal\u00eda, \u201cpara tranquilidad de la Asamblea y el pa\u00eds\u201d.<\/p>\n\n\n\n<p>El presidente Saquicela solicit\u00f3 a la Fiscal\u00eda que recoja su versi\u00f3n, as\u00ed como la del Secretario de la Asamblea, quien deber\u00e1 aclarar algunas situaciones, y de funcionarios de TICS.<\/p>\n\n\n\n<p>El Titular del Legislativo reiter\u00f3 que la Fiscal\u00eda y la administraci\u00f3n de justicia deber\u00e1n pronunciarse al respecto. \u201cNo se puede tergiversar y utilizar medios de comunicaci\u00f3n para hacer esc\u00e1ndalos; que sean los organismos como la Fiscal\u00eda y la administraci\u00f3n de justicia los que aclaren, a trav\u00e9s de los peritajes correspondientes\u201d, subray\u00f3.<\/p>\n\n\n\n<p>\u00abLa institucionalidad de la Asamblea Nacional no puede estar en juego. Esta denuncia deber\u00e1 llegar hasta las \u00faltimas consecuencias para dar con los posibles autores intelectuales y materiales de este hecho\u201d, enfatiz\u00f3.<\/p>\n\n\n\n<p>Finamente inst\u00f3 a que las comisiones legislativas contin\u00faen su trabajo pendiente, como el juicio a los integrantes del Consejo de la Judicatura, una vez que la Procuradur\u00eda General del Estado emiti\u00f3 un pronunciamiento sobre el proceso de juicio pol\u00edtico al Consejo Nacional Electoral, y \u201cno se ande buscando far\u00e1ndula con denuncias\u201d. AN.<\/p>\n","protected":false},"excerpt":{"rendered":"<p>Mi\u00e9rcoles, 06 de julio del 2022.Quito, el presidente de la Asamblea Nacional, Virgilio Saquicela, interpuso una denuncia ante la Fiscal\u00eda<\/p>\n","protected":false},"author":1,"featured_media":0,"comment_status":"closed","ping_status":"closed","sticky":false,"template":"","format":"standard","meta":{"footnotes":""},"categories":[3],"tags":[],"_links":{"self":[{"href":"https:\/\/www.ecuadoraldia.com.ec\/index.php?rest_route=\/wp\/v2\/posts\/19627"}],"collection":[{"href":"https:\/\/www.ecuadoraldia.com.ec\/index.php?rest_route=\/wp\/v2\/posts"}],"about":[{"href":"https:\/\/www.ecuadoraldia.com.ec\/index.php?rest_route=\/wp\/v2\/types\/post"}],"author":[{"embeddable":true,"href":"https:\/\/www.ecuadoraldia.com.ec\/index.php?rest_route=\/wp\/v2\/users\/1"}],"replies":[{"embeddable":true,"href":"https:\/\/www.ecuadoraldia.com.ec\/index.php?rest_route=%2Fwp%2Fv2%2Fcomments&post=19627"}],"version-history":[{"count":1,"href":"https:\/\/www.ecuadoraldia.com.ec\/index.php?rest_route=\/wp\/v2\/posts\/19627\/revisions"}],"predecessor-version":[{"id":19629,"href":"https:\/\/www.ecuadoraldia.com.ec\/index.php?rest_route=\/wp\/v2\/posts\/19627\/revisions\/19629"}],"wp:attachment":[{"href":"https:\/\/www.ecuadoraldia.com.ec\/index.php?rest_route=%2Fwp%2Fv2%2Fmedia&parent=19627"}],"wp:term":[{"taxonomy":"category","embeddable":true,"href":"https:\/\/www.ecuadoraldia.com.ec\/index.php?rest_route=%2Fwp%2Fv2%2Fcategories&post=19627"},{"taxonomy":"post_tag","embeddable":true,"href":"https:\/\/www.ecuadoraldia.com.ec\/index.php?rest_route=%2Fwp%2Fv2%2Ftags&post=19627"}],"curies":[{"name":"wp","href":"https:\/\/api.w.org\/{rel}","templated":true}]}}