{"id":1984,"date":"2014-04-10T21:05:36","date_gmt":"2014-04-10T21:05:36","guid":{"rendered":"http:\/\/www.ecuadoraldia.com.ec\/?p=1984"},"modified":"2014-04-10T21:05:36","modified_gmt":"2014-04-10T21:05:36","slug":"supercom-cita-a-oquendo-por-denuncia-de-supuesto-linchamiento-mediatico","status":"publish","type":"post","link":"https:\/\/www.ecuadoraldia.com.ec\/?p=1984","title":{"rendered":"Supercom cita a  Oquendo por denuncia de supuesto linchamiento medi\u00e1tico"},"content":{"rendered":"<p><a href=\"http:\/\/www.ecuadoraldia.com.ec\/wp-content\/uploads\/2014\/04\/Diego-Oquendo.jpg\"><img loading=\"lazy\" decoding=\"async\" src=\"http:\/\/www.ecuadoraldia.com.ec\/wp-content\/uploads\/2014\/04\/Diego-Oquendo-300x212.jpg\" alt=\"Diego Oquendo\" width=\"300\" height=\"212\" class=\"alignleft size-medium wp-image-1985\" srcset=\"https:\/\/www.ecuadoraldia.com.ec\/wp-content\/uploads\/2014\/04\/Diego-Oquendo-300x212.jpg 300w, https:\/\/www.ecuadoraldia.com.ec\/wp-content\/uploads\/2014\/04\/Diego-Oquendo.jpg 620w\" sizes=\"(max-width: 300px) 100vw, 300px\" \/><\/a>La Superintendencia de Comunicaci\u00f3n admiti\u00f3 a tr\u00e1mite el martes,  la denuncia de la exministra de Educaci\u00f3n (en el Gobierno de Abdal\u00e1 Bucaram) Sandra Correa Le\u00f3n en contra del periodista Diego Oquendo, por supuesto linchamiento medi\u00e1tico.<\/p>\n<p>El organismo de control convoc\u00f3 para el lunes a una audiencia de sustanciaci\u00f3n para contestar la denuncia, presentar evidencias, documentos y pruebas  de cargo y de descargo de los involucrados.<\/p>\n<p>Oquendo es conductor del espacio informativo \u2018Buenos D\u00edas con Diego Oquendo\u2019, en  Radio Visi\u00f3n. Seg\u00fan la resoluci\u00f3n de la Supercom, la denuncia de Correa re\u00fane los requisitos.<\/p>\n<p>Sin embargo, la entidad no admiti\u00f3 a tr\u00e1mite la denuncia de la exfuncionaria de Estado referida a  que los diarios Hoy y El Comercio habr\u00edan incurrido en infracci\u00f3n de linchamiento medi\u00e1tico por los titulares \u2018Un espejismo llamado Sandra Correa\u2019 y \u2018De Sandra Correa a Pedro Delgado\u2019, del 20 de diciembre de 2012, respectivamente. <\/p>\n","protected":false},"excerpt":{"rendered":"<p>La Superintendencia de Comunicaci\u00f3n admiti\u00f3 a tr\u00e1mite el martes, la denuncia de la exministra de Educaci\u00f3n (en el Gobierno de<\/p>\n","protected":false},"author":1,"featured_media":0,"comment_status":"open","ping_status":"open","sticky":false,"template":"","format":"standard","meta":{"footnotes":""},"categories":[1],"tags":[],"_links":{"self":[{"href":"https:\/\/www.ecuadoraldia.com.ec\/index.php?rest_route=\/wp\/v2\/posts\/1984"}],"collection":[{"href":"https:\/\/www.ecuadoraldia.com.ec\/index.php?rest_route=\/wp\/v2\/posts"}],"about":[{"href":"https:\/\/www.ecuadoraldia.com.ec\/index.php?rest_route=\/wp\/v2\/types\/post"}],"author":[{"embeddable":true,"href":"https:\/\/www.ecuadoraldia.com.ec\/index.php?rest_route=\/wp\/v2\/users\/1"}],"replies":[{"embeddable":true,"href":"https:\/\/www.ecuadoraldia.com.ec\/index.php?rest_route=%2Fwp%2Fv2%2Fcomments&post=1984"}],"version-history":[{"count":1,"href":"https:\/\/www.ecuadoraldia.com.ec\/index.php?rest_route=\/wp\/v2\/posts\/1984\/revisions"}],"predecessor-version":[{"id":1986,"href":"https:\/\/www.ecuadoraldia.com.ec\/index.php?rest_route=\/wp\/v2\/posts\/1984\/revisions\/1986"}],"wp:attachment":[{"href":"https:\/\/www.ecuadoraldia.com.ec\/index.php?rest_route=%2Fwp%2Fv2%2Fmedia&parent=1984"}],"wp:term":[{"taxonomy":"category","embeddable":true,"href":"https:\/\/www.ecuadoraldia.com.ec\/index.php?rest_route=%2Fwp%2Fv2%2Fcategories&post=1984"},{"taxonomy":"post_tag","embeddable":true,"href":"https:\/\/www.ecuadoraldia.com.ec\/index.php?rest_route=%2Fwp%2Fv2%2Ftags&post=1984"}],"curies":[{"name":"wp","href":"https:\/\/api.w.org\/{rel}","templated":true}]}}