{"id":1999,"date":"2014-04-14T21:47:20","date_gmt":"2014-04-14T21:47:20","guid":{"rendered":"http:\/\/www.ecuadoraldia.com.ec\/?p=1999"},"modified":"2014-04-14T21:47:20","modified_gmt":"2014-04-14T21:47:20","slug":"ministra-de-defensa-da-la-bienvenida-al-nuevo-alto-mando-militar","status":"publish","type":"post","link":"https:\/\/www.ecuadoraldia.com.ec\/?p=1999","title":{"rendered":"Ministra de Defensa da la bienvenida al nuevo alto mando militar"},"content":{"rendered":"<p><a href=\"http:\/\/www.ecuadoraldia.com.ec\/wp-content\/uploads\/2014\/04\/defensa_altomandomilitar_.jpg\"><img loading=\"lazy\" decoding=\"async\" src=\"http:\/\/www.ecuadoraldia.com.ec\/wp-content\/uploads\/2014\/04\/defensa_altomandomilitar_-300x169.jpg\" alt=\"defensa_altomandomilitar_\" width=\"300\" height=\"169\" class=\"alignleft size-medium wp-image-1995\" srcset=\"https:\/\/www.ecuadoraldia.com.ec\/wp-content\/uploads\/2014\/04\/defensa_altomandomilitar_-300x169.jpg 300w, https:\/\/www.ecuadoraldia.com.ec\/wp-content\/uploads\/2014\/04\/defensa_altomandomilitar_.jpg 450w\" sizes=\"(max-width: 300px) 100vw, 300px\" \/><\/a>Mar\u00eda Fernanda Espinosa, ministra de Defensa, dio la bienvenida al nuevo alto mando militar designado por el presidente de la Rep\u00fablica, Rafael Correa. Ello, durante el minuto c\u00edvico, que se desarroll\u00f3 hoy en las instalaciones del sector La Recoleta (sur de Quito).<\/p>\n<p>Espinosa salud\u00f3 el nombramiento del general Luis Garz\u00f3n como nuevo jefe del Comando Comando Conjunto de las Fuerzas Armadas (FF.AA.), en reemplazo de Leonardo Barreiro, a quien la ministra agradeci\u00f3 por los valiosos servicios prestados. Resalt\u00f3 el trabajo eficiente, abnegado y honesto que cumplieron los comandantes generales salientes.<\/p>\n<p>De su lado, Garz\u00f3n agradeci\u00f3 a la ministra Espinosa por la confianza ante sus nuevas funciones dentro del Comando Conjunto. Se\u00f1al\u00f3 que se empe\u00f1ar\u00e1 en mejorar las capacidades y fortalecer\u00e1 a las Fuerzas Armadas para garantizar la seguridad del Estado Ecuatoriano y los ciudadanos.<\/p>\n<p>El jefe del Comando Conjunto es Licenciado en Administraci\u00f3n y Ciencias Militares y tiene un M\u00e1ster en Seguridad y Desarrollo en Gesti\u00f3n P\u00fablica y Gerencia Empresarial. Dentro de los cargos desempe\u00f1ados se encuentra el de Segundo Comandante del Grupo Escolta Presidencial, entre otras labores.<\/p>\n<p>El pasado 7 de abril el Primer Mandatario firm\u00f3 los decretos, a trav\u00e9s de los cuales tambi\u00e9n design\u00f3 al general de Brigada Carlos Obando como nuevo Comandante General de la Fuerza Terrestre; el brigadier general Ra\u00fal Banderas como nuevo Comandante de la Fuerza A\u00e9rea Ecuatoriana (FAE); mientras que el vicealmirante Luis Jaramillo se mantiene como Comandante General de la Armada.<\/p>\n<p>Espinosa resalt\u00f3 el rol de las FF.AA. \u00abque establece protecci\u00f3n y defensa del ser humano\u00bb.(El telegrafo)<\/p>\n","protected":false},"excerpt":{"rendered":"<p>Mar\u00eda Fernanda Espinosa, ministra de Defensa, dio la bienvenida al nuevo alto mando militar designado por el presidente de la<\/p>\n","protected":false},"author":1,"featured_media":0,"comment_status":"open","ping_status":"open","sticky":false,"template":"","format":"standard","meta":{"footnotes":""},"categories":[1],"tags":[],"_links":{"self":[{"href":"https:\/\/www.ecuadoraldia.com.ec\/index.php?rest_route=\/wp\/v2\/posts\/1999"}],"collection":[{"href":"https:\/\/www.ecuadoraldia.com.ec\/index.php?rest_route=\/wp\/v2\/posts"}],"about":[{"href":"https:\/\/www.ecuadoraldia.com.ec\/index.php?rest_route=\/wp\/v2\/types\/post"}],"author":[{"embeddable":true,"href":"https:\/\/www.ecuadoraldia.com.ec\/index.php?rest_route=\/wp\/v2\/users\/1"}],"replies":[{"embeddable":true,"href":"https:\/\/www.ecuadoraldia.com.ec\/index.php?rest_route=%2Fwp%2Fv2%2Fcomments&post=1999"}],"version-history":[{"count":1,"href":"https:\/\/www.ecuadoraldia.com.ec\/index.php?rest_route=\/wp\/v2\/posts\/1999\/revisions"}],"predecessor-version":[{"id":2001,"href":"https:\/\/www.ecuadoraldia.com.ec\/index.php?rest_route=\/wp\/v2\/posts\/1999\/revisions\/2001"}],"wp:attachment":[{"href":"https:\/\/www.ecuadoraldia.com.ec\/index.php?rest_route=%2Fwp%2Fv2%2Fmedia&parent=1999"}],"wp:term":[{"taxonomy":"category","embeddable":true,"href":"https:\/\/www.ecuadoraldia.com.ec\/index.php?rest_route=%2Fwp%2Fv2%2Fcategories&post=1999"},{"taxonomy":"post_tag","embeddable":true,"href":"https:\/\/www.ecuadoraldia.com.ec\/index.php?rest_route=%2Fwp%2Fv2%2Ftags&post=1999"}],"curies":[{"name":"wp","href":"https:\/\/api.w.org\/{rel}","templated":true}]}}