{"id":2005,"date":"2014-04-14T21:53:54","date_gmt":"2014-04-14T21:53:54","guid":{"rendered":"http:\/\/www.ecuadoraldia.com.ec\/?p=2005"},"modified":"2014-04-14T21:53:54","modified_gmt":"2014-04-14T21:53:54","slug":"chile-lucha-por-controlar-el-peor-incendio-de-la-historia-de-valparaiso","status":"publish","type":"post","link":"https:\/\/www.ecuadoraldia.com.ec\/?p=2005","title":{"rendered":"Chile lucha por controlar el peor incendio de la historia de Valpara\u00edso"},"content":{"rendered":"<p><a href=\"http:\/\/www.ecuadoraldia.com.ec\/wp-content\/uploads\/2014\/04\/desastre-chile.jpg\"><img loading=\"lazy\" decoding=\"async\" src=\"http:\/\/www.ecuadoraldia.com.ec\/wp-content\/uploads\/2014\/04\/desastre-chile-300x190.jpg\" alt=\"desastre chile\" width=\"300\" height=\"190\" class=\"alignleft size-medium wp-image-2006\" srcset=\"https:\/\/www.ecuadoraldia.com.ec\/wp-content\/uploads\/2014\/04\/desastre-chile-300x190.jpg 300w, https:\/\/www.ecuadoraldia.com.ec\/wp-content\/uploads\/2014\/04\/desastre-chile.jpg 800w\" sizes=\"(max-width: 300px) 100vw, 300px\" \/><\/a>Agencia AFP. Helic\u00f3pteros, aviones y miles de efectivos militares y de Carabineros segu\u00edan luchando este lunes por tercer d\u00eda para controlar los focos del peor incendio registrado en la historia del puerto chileno de Valpara\u00edso, que acab\u00f3 con la vida de 12 personas.<\/p>\n<p>\u00abEl incendio no est\u00e1 controlado. No obstante ha bajado bastante la intensidad\u00bb, dijo a medios locales el jefe de Valpara\u00edso de la Oficina Nacional de Emergencias (Onemi), Guillermo de la Maza.<\/p>\n<p>Durante la madrugada de hoy se consumieron unas 250 viviendas m\u00e1s y en horas de la ma\u00f1ana el sector de La Isla era el m\u00e1s expuesto a las llamas a\u00fan no controladas, dijo el ministro del Interior Rodrigo Pe\u00f1ailillo.<\/p>\n<p>La presidenta Michelle Bachelet suspendi\u00f3 un viaje previsto a Argentina y se reuni\u00f3 este lunes con gran parte de su gabinete de ministros en un comit\u00e9 de emergencias.<\/p>\n<p>Una vez superada esta etapa de emergencia, el gobierno se dispondr\u00e1 a investigar el origen del siniestro, realizar una evaluaci\u00f3n de los da\u00f1os e iniciar la reconstrucci\u00f3n.<\/p>\n<p>\u00abEl cuadro es desolador\u00bb, dijo \u00c1lvaro Elizalde, portavoz del gobierno, que tambi\u00e9n anunci\u00f3 la llegada de aeronaves argentinas para cubrir otras zonas desprotegidas.<\/p>\n<p>En total 13 helic\u00f3pteros, siete aviones y 2.000 efectivos participan de las tareas para controlar las llamas.<\/p>\n<p>El incendio destruy\u00f3 por completo 2.000 viviendas, dej\u00f3 8.000 damnificados y 10.000 evacuados, de los que 1.200 pasaron la noche en albergues y el resto en casas de familiares o amigos.<\/p>\n<p>El fuego iniciado el s\u00e1bado por la tarde ha quemado 850 hect\u00e1reas hasta el momento. Tiene un per\u00edmetro de 22 kil\u00f3metros y unos 6 kil\u00f3metros de largo, seg\u00fan la Corporaci\u00f3n Nacional Forestal (Conaf).<\/p>\n<p>Las llamas afectaron a los cerros donde residen los sectores m\u00e1s pobres, con casas de madera y lata que se encaraman en las pendientes, a veces sin permisos de construcci\u00f3n y lejos de los grifos de agua que necesitan los bomberos para combatir las llamas.<\/p>\n<p>La zona del puerto de Valpara\u00edso, declarada Patrimonio de la Humanidad por la Unesco en 2003, se manten\u00eda a salvo del fuego.<\/p>\n<p>&#8211; Perder todo &#8211; <\/p>\n<p>En la escuela Grecia, uno de los ocho albergues habilitados para los damnificados, Carlos Gaona admiti\u00f3 este lunes haber dormido poco, \u00abpor las sirenas de los bomberos y la gente que sigue llegando\u00bb.<\/p>\n<p>\u00abQuedamos con lo puesto, en la calle, perdimos todo. Somos una familia de siete personas y la primera noche en el albergue fue triste, m\u00e1s que nada por los ni\u00f1os, que nunca hab\u00edan vivido esto, pero nos han tratado muy bien\u00bb, dijo Ericka C\u00e1ceres.<\/p>\n<p>Muchas personas perdieron todas sus pertenencias, sus posesiones materiales y sus recuerdos familiares en el incendio que se propag\u00f3 r\u00e1pidamente debido a los fuertes vientos, pero tambi\u00e9n por la compleja geograf\u00eda del lugar y la presencia de basura en los aleda\u00f1os de la zona forestal de La P\u00f3lvora, en la parte m\u00e1s alta de los cerros, donde se inici\u00f3 el fuego.<\/p>\n<p>Mientras, la ciudadan\u00eda chilena reaccion\u00f3 r\u00e1pidamente y sigue acopiando pa\u00f1ales, leche en polvo, frazadas, ropas de abrigo, agua y otros enseres que son repartidos en albergues.<\/p>\n<p>Este lunes se organizaban partidos de f\u00fatbol ben\u00e9ficos, atenciones veterinarias a mascotas damnificadas, colectas, y se difund\u00edan miles de mensajes de apoyo bajo la etiqueta en la red social Twitter de #FuerzaValpo.<\/p>\n<p>&#8211; Doble reconstrucci\u00f3n &#8211;<\/p>\n<p>El estado de cat\u00e1strofe, una medida de excepci\u00f3n que permite a las Fuerzas Armadas tomar el control de la seguridad, se mantendr\u00e1 hasta que sea necesario, seg\u00fan el gobierno.<\/p>\n<p>Para los 8.000 damnificados se estudia la posibilidad de construir barrios de emergencia, ofrecer subsidios de arriendo, y ayudas a los que fueron a vivir con sus familiares.<\/p>\n<p>Adem\u00e1s, la ministra de Sanidad, Helia Molina, afirm\u00f3 que habr\u00e1 que dar apoyo psicol\u00f3gico a los afectados debido al estr\u00e9s y la angustia que padecen.<\/p>\n<p>El gobierno se comprometi\u00f3 a seguir \u00abtrabajando simult\u00e1neamente en la ayuda y plan de reconstrucci\u00f3n en el norte\u00bb, en la regi\u00f3n de Tarapac\u00e1, azotada por un terremoto de 8,2 grados hace dos semanas.<\/p>\n<p>Pese a todo, Bachelet quiere mantener el cumplimiento de las 50 medidas para los primeros 100 d\u00edas de gobierno que se autoimpuso, como puntapi\u00e9 inicial a su ambicioso programa de reformas tributaria, educativa y constitucional.<\/p>\n<p>\u00abEl gobierno mantiene su agenda de trabajo, y si tenemos que trabajar el triple, lo vamos a hacer\u00bb, afirm\u00f3 el portavoz.(AFP-EFE)<\/p>\n","protected":false},"excerpt":{"rendered":"<p>Agencia AFP. Helic\u00f3pteros, aviones y miles de efectivos militares y de Carabineros segu\u00edan luchando este lunes por tercer d\u00eda para<\/p>\n","protected":false},"author":1,"featured_media":0,"comment_status":"open","ping_status":"open","sticky":false,"template":"","format":"standard","meta":{"footnotes":""},"categories":[7],"tags":[],"_links":{"self":[{"href":"https:\/\/www.ecuadoraldia.com.ec\/index.php?rest_route=\/wp\/v2\/posts\/2005"}],"collection":[{"href":"https:\/\/www.ecuadoraldia.com.ec\/index.php?rest_route=\/wp\/v2\/posts"}],"about":[{"href":"https:\/\/www.ecuadoraldia.com.ec\/index.php?rest_route=\/wp\/v2\/types\/post"}],"author":[{"embeddable":true,"href":"https:\/\/www.ecuadoraldia.com.ec\/index.php?rest_route=\/wp\/v2\/users\/1"}],"replies":[{"embeddable":true,"href":"https:\/\/www.ecuadoraldia.com.ec\/index.php?rest_route=%2Fwp%2Fv2%2Fcomments&post=2005"}],"version-history":[{"count":1,"href":"https:\/\/www.ecuadoraldia.com.ec\/index.php?rest_route=\/wp\/v2\/posts\/2005\/revisions"}],"predecessor-version":[{"id":2007,"href":"https:\/\/www.ecuadoraldia.com.ec\/index.php?rest_route=\/wp\/v2\/posts\/2005\/revisions\/2007"}],"wp:attachment":[{"href":"https:\/\/www.ecuadoraldia.com.ec\/index.php?rest_route=%2Fwp%2Fv2%2Fmedia&parent=2005"}],"wp:term":[{"taxonomy":"category","embeddable":true,"href":"https:\/\/www.ecuadoraldia.com.ec\/index.php?rest_route=%2Fwp%2Fv2%2Fcategories&post=2005"},{"taxonomy":"post_tag","embeddable":true,"href":"https:\/\/www.ecuadoraldia.com.ec\/index.php?rest_route=%2Fwp%2Fv2%2Ftags&post=2005"}],"curies":[{"name":"wp","href":"https:\/\/api.w.org\/{rel}","templated":true}]}}