{"id":20184,"date":"2023-01-16T11:01:36","date_gmt":"2023-01-16T16:01:36","guid":{"rendered":"http:\/\/www.ecuadoraldia.com.ec\/?p=20184"},"modified":"2023-01-17T09:32:29","modified_gmt":"2023-01-17T14:32:29","slug":"frente-unitario-de-trabajadores-al-pais","status":"publish","type":"post","link":"https:\/\/www.ecuadoraldia.com.ec\/?p=20184","title":{"rendered":"Frente Unitario de Trabajadores al pa\u00eds"},"content":{"rendered":"\n<p>El Frente Unitario de Trabajadores (FUT) rechaza la decisi\u00f3n unilateral del Gobierno Nacional de tomarse al Instituto Ecuatoriano de Seguridad Social (IESS), condenamos la creaci\u00f3n de la comisi\u00f3n que eval\u00fae la instituci\u00f3n y que plantee reformas, esta instancia ha sido constituida a espaldas de afiliados y jubilados<\/p>\n\n\n\n<p>Con lo se\u00f1alado por el presidente Guillermo Lasso Mendoza, se estar\u00eda vulnerando el principio de tripartismo para el sistema de seguridad social establecido por la Organizaci\u00f3n Internacional del Trabajo (OIT).<\/p>\n\n\n\n<p>Esta es una clara intenci\u00f3n del gobierno para tomarse al IESS y, por tanto, excluir de la toma de decisiones a los verdaderos due\u00f1os de la seguridad social: los afiliados, jubilados y pensionistas. Por tanto, acudiremos a todos medios legales y leg\u00edtimos para elevar nuestra voz de protesta ante el atropello que se vive en este momento desde el poder central.<\/p>\n\n\n\n<p>El IESS no se vende<br>El IESS se defiende<\/p>\n","protected":false},"excerpt":{"rendered":"<p>El Frente Unitario de Trabajadores (FUT) rechaza la decisi\u00f3n unilateral del Gobierno Nacional de tomarse al Instituto Ecuatoriano de Seguridad<\/p>\n","protected":false},"author":1,"featured_media":20185,"comment_status":"closed","ping_status":"closed","sticky":false,"template":"","format":"standard","meta":{"footnotes":""},"categories":[11,3,4,1],"tags":[],"_links":{"self":[{"href":"https:\/\/www.ecuadoraldia.com.ec\/index.php?rest_route=\/wp\/v2\/posts\/20184"}],"collection":[{"href":"https:\/\/www.ecuadoraldia.com.ec\/index.php?rest_route=\/wp\/v2\/posts"}],"about":[{"href":"https:\/\/www.ecuadoraldia.com.ec\/index.php?rest_route=\/wp\/v2\/types\/post"}],"author":[{"embeddable":true,"href":"https:\/\/www.ecuadoraldia.com.ec\/index.php?rest_route=\/wp\/v2\/users\/1"}],"replies":[{"embeddable":true,"href":"https:\/\/www.ecuadoraldia.com.ec\/index.php?rest_route=%2Fwp%2Fv2%2Fcomments&post=20184"}],"version-history":[{"count":2,"href":"https:\/\/www.ecuadoraldia.com.ec\/index.php?rest_route=\/wp\/v2\/posts\/20184\/revisions"}],"predecessor-version":[{"id":20187,"href":"https:\/\/www.ecuadoraldia.com.ec\/index.php?rest_route=\/wp\/v2\/posts\/20184\/revisions\/20187"}],"wp:featuredmedia":[{"embeddable":true,"href":"https:\/\/www.ecuadoraldia.com.ec\/index.php?rest_route=\/wp\/v2\/media\/20185"}],"wp:attachment":[{"href":"https:\/\/www.ecuadoraldia.com.ec\/index.php?rest_route=%2Fwp%2Fv2%2Fmedia&parent=20184"}],"wp:term":[{"taxonomy":"category","embeddable":true,"href":"https:\/\/www.ecuadoraldia.com.ec\/index.php?rest_route=%2Fwp%2Fv2%2Fcategories&post=20184"},{"taxonomy":"post_tag","embeddable":true,"href":"https:\/\/www.ecuadoraldia.com.ec\/index.php?rest_route=%2Fwp%2Fv2%2Ftags&post=20184"}],"curies":[{"name":"wp","href":"https:\/\/api.w.org\/{rel}","templated":true}]}}