{"id":2021,"date":"2014-04-16T00:19:09","date_gmt":"2014-04-16T00:19:09","guid":{"rendered":"http:\/\/www.ecuadoraldia.com.ec\/?p=2021"},"modified":"2014-04-16T00:19:09","modified_gmt":"2014-04-16T00:19:09","slug":"corte-idh-archivo-expediente-sobre-las-ninas-taromenane","status":"publish","type":"post","link":"https:\/\/www.ecuadoraldia.com.ec\/?p=2021","title":{"rendered":"Corte IDH archiv\u00f3 expediente sobre las ni\u00f1as taromenane"},"content":{"rendered":"<p>La Corte Interamericana de Derechos Humanos (Corte IDH) neg\u00f3 a la Comisi\u00f3n Interamericana de Derechos Humanos (CIDH) las medidas<br \/>\nprovisionales que hab\u00eda solicitado para proteger a las dos ni\u00f1as taromenane que est\u00e1n en manos del Gobierno y de los waorani, tras la supuesta matanza ocurrida en marzo de 2013.<\/p>\n<p>La resoluci\u00f3n desestima las medidas provisionales y ordena archivar el expediente referido a la solicitud presentada por la CIDH el 19 de enero pasado.<\/p>\n<p>La Corte IDH basa su decisi\u00f3n en el art\u00edculo 63.2 de la Convenci\u00f3n Americana y el art\u00edculo 27 del Reglamento:<\/p>\n<p>El canciller ecuatoriano Ricardo Pati\u00f1o inform\u00f3 anoche en su cuenta Twitter (@RicardoPatinoEC) que la Corte \u00abvalora argumentos de Ecuador\u00bb y \u00abdesestim\u00f3 argumentos de CIDH respecto a gravedad, urgencia e inminencia en caso ni\u00f1as taromenane y archiv\u00f3 expediente\u00bb.<\/p>\n<p>El funcionario se\u00f1al\u00f3 que la resoluci\u00f3n \u201cfue adoptada el 31 de marzo por unanimidad\u201d y notificada ayer.<\/p>\n<p>En un comunicado, la Procuradur\u00eda General del Estado (PGE) indic\u00f3 que la resoluci\u00f3n reconoce \u00abla efectividad de los mecanismos internos de protecci\u00f3n de derechos y el compromiso del Estado ecuatoriano con los derechos humanos\u00bb. (El Telegrafo)<\/p>\n","protected":false},"excerpt":{"rendered":"<p>La Corte Interamericana de Derechos Humanos (Corte IDH) neg\u00f3 a la Comisi\u00f3n Interamericana de Derechos Humanos (CIDH) las medidas provisionales<\/p>\n","protected":false},"author":1,"featured_media":0,"comment_status":"open","ping_status":"open","sticky":false,"template":"","format":"standard","meta":{"footnotes":""},"categories":[5],"tags":[],"_links":{"self":[{"href":"https:\/\/www.ecuadoraldia.com.ec\/index.php?rest_route=\/wp\/v2\/posts\/2021"}],"collection":[{"href":"https:\/\/www.ecuadoraldia.com.ec\/index.php?rest_route=\/wp\/v2\/posts"}],"about":[{"href":"https:\/\/www.ecuadoraldia.com.ec\/index.php?rest_route=\/wp\/v2\/types\/post"}],"author":[{"embeddable":true,"href":"https:\/\/www.ecuadoraldia.com.ec\/index.php?rest_route=\/wp\/v2\/users\/1"}],"replies":[{"embeddable":true,"href":"https:\/\/www.ecuadoraldia.com.ec\/index.php?rest_route=%2Fwp%2Fv2%2Fcomments&post=2021"}],"version-history":[{"count":1,"href":"https:\/\/www.ecuadoraldia.com.ec\/index.php?rest_route=\/wp\/v2\/posts\/2021\/revisions"}],"predecessor-version":[{"id":2022,"href":"https:\/\/www.ecuadoraldia.com.ec\/index.php?rest_route=\/wp\/v2\/posts\/2021\/revisions\/2022"}],"wp:attachment":[{"href":"https:\/\/www.ecuadoraldia.com.ec\/index.php?rest_route=%2Fwp%2Fv2%2Fmedia&parent=2021"}],"wp:term":[{"taxonomy":"category","embeddable":true,"href":"https:\/\/www.ecuadoraldia.com.ec\/index.php?rest_route=%2Fwp%2Fv2%2Fcategories&post=2021"},{"taxonomy":"post_tag","embeddable":true,"href":"https:\/\/www.ecuadoraldia.com.ec\/index.php?rest_route=%2Fwp%2Fv2%2Ftags&post=2021"}],"curies":[{"name":"wp","href":"https:\/\/api.w.org\/{rel}","templated":true}]}}