{"id":20280,"date":"2023-02-17T11:33:11","date_gmt":"2023-02-17T16:33:11","guid":{"rendered":"http:\/\/www.ecuadoraldia.com.ec\/?p=20280"},"modified":"2023-02-17T11:33:12","modified_gmt":"2023-02-17T16:33:12","slug":"en-marcha-operativo-por-feriado-de-carnaval-2023","status":"publish","type":"post","link":"https:\/\/www.ecuadoraldia.com.ec\/?p=20280","title":{"rendered":"En marcha operativo por  feriado de Carnaval 2023"},"content":{"rendered":"\n<p>Autoridades del gobierno dieron a conocer los detalles de los operativos y actividades previstas para el feriado de Carnaval, programado del 18 al 21 de febrero de 2023, mediante una rueda de prensa.<\/p>\n\n\n\n<p>El ministro del Interior, Juan Zapata, manifest\u00f3 que la Polic\u00eda Nacional desplegar\u00e1 su contingente humano y log\u00edstico para el operativo de Carnaval, desde el viernes 17 de febrero a las 12:00, hasta las 06:00 del mi\u00e9rcoles, 22 de febrero.<\/p>\n\n\n\n<p>Un total 49.040 polic\u00edas vigilar\u00e1n el territorio nacional, ubic\u00e1ndose en centros comerciales, plazas, parques, terminales terrestres, centros tur\u00edsticos y ejes viales, con el objetivo de precautelar la seguridad, movilidad e integridad f\u00edsica de la ciudadan\u00eda y sus bienes. Estar\u00e1n disponibles 7.231 patrulleros, 7.684 motocicletas, 93 Unidades M\u00f3viles de Atenci\u00f3n Ciudadana (UMAC), 17 ambulancias y 3 unidades de Aeropolicial.<\/p>\n\n\n\n<p>En la misma l\u00ednea el director general de ECU 911, Bol\u00edvar Tello, inform\u00f3 que el servicio integrado y las entidades articuladas estar\u00e1n activas al 100 % de su capacidad para atender emergencias, con 7.437 c\u00e1maras que monitorear\u00e1n espacios p\u00fablicos, sitios tur\u00edsticos, ejes viales, playas y desfiles; y 455 videoc\u00e1maras ubicadas en el perfil costanero, donde se tiene proyectada la visita masiva de turistas. Para la atenci\u00f3n de eventuales emergencias en los d\u00edas de asueto, se contar\u00e1 con 3.317 servidores del \u00e1rea operativa, 1.263 del ECU 911 y 2.054 de las instituciones integradas, que laborar\u00e1n en las 17 centrales del pa\u00eds.<\/p>\n\n\n\n<p>C\u00e9sar Zapata, director general de Seguridad y Orden P\u00fablico de la Polic\u00eda Nacional, se\u00f1al\u00f3 que la instituci\u00f3n participar\u00e1 en 95 eventos de relevancia a escala nacional, en localidades como Quito, Guayas, Napo, Tungurahua, Azuay, Santa Elena y Esmeraldas. Adem\u00e1s recomend\u00f3 a la ciudadan\u00eda activar el bot\u00f3n de seguridad y el encargo a domicilio para prevenir el cometimiento de delitos. A\u00f1adi\u00f3 que se har\u00e1 el control de libadores en el espacio p\u00fablico, del cumplimiento de l\u00edmites de velocidad en carreteras, del uso de cintur\u00f3n de seguridad y otras acciones para evitar accidentes de tr\u00e1nsito.<\/p>\n\n\n\n<p>De su parte, el ministro de Transporte y Obras P\u00fablicas, Dar\u00edo Herrera, indic\u00f3 que se aplicar\u00e1n operativos de control en los 10.290,27 kil\u00f3metros de la Red Vial Estatal (RVE) para brindar infraestructura en \u00f3ptimo estado a los usuarios. Al momento, el estado de las v\u00edas es: Muy bueno: 13,44% (1.383 km), bueno: 40,81% (4.200 km), regular: 27,58% (2.838 km), circular con precauci\u00f3n: 18,16% (1.868 km).<\/p>\n\n\n\n<p>En atenci\u00f3n a posibles emergencias en las v\u00edas, el MTOP contar\u00e1 con personal y maquinaria de la instituci\u00f3n para sus operativos, para lo que dispone de 244 t\u00e9cnicos y operadores; 201 unidades de equipo caminero y 33 patrullas de camino que monitorear\u00e1n las v\u00edas. La Comisi\u00f3n de Tr\u00e1nsito del Ecuador (CTE) realizar\u00e1 patrullaje y control en los peajes de las provincias con la presencia de 4.636 agentes de tr\u00e1nsito, 285 unidades (camionetas, ambulancias, rescate y gr\u00faas) y 230 motos, motonetas y bicicletas.<\/p>\n\n\n\n<p>Yubor Castagneto, director Ejecutivo Subrogante de la Agencia Nacional de Tr\u00e1nsito (ANT) inform\u00f3 que los operativos de control se intensificar\u00e1n desde el viernes 17 de febrero a las 12:00, hasta la media noche del martes 21 de febrero. Indic\u00f3 que los conductores tanto del servicio p\u00fablico como del privado deber\u00e1n constatar las condiciones mec\u00e1nicas del veh\u00edculo, portar documentos en regla y mantener el uso constante del cintur\u00f3n de seguridad tanto los conductores como pasajeros, adem\u00e1s de resaltar que no se debe conducir bajo los efectos del alcohol, haciendo un llamado a la corresponsabilidad.<\/p>\n\n\n\n<p>Finalmente, Carlos Tapia, subsecretario de Competitividad y Fomento Tur\u00edstico del Ministerio de Turismo invit\u00f3 a todos los ecuatorianos y a los turistas extranjeros a recorrer Ecuador y disfrutar de su extensa oferta natural, cultural, gastron\u00f3mica y de servicios que est\u00e1n preparados por la celebraci\u00f3n de Carnaval en todo el pa\u00eds, recordando festividades como el Carnaval de Guaranda o la Fiesta de la Fruta y las Flores en Ambato, programados con mucha antelaci\u00f3n.<\/p>\n\n\n\n<p>Record\u00f3 adem\u00e1s que este feriado se aplicar\u00e1 la reducci\u00f3n de la tarifa del IVA del 12 % al 8 % en los servicios tur\u00edsticos registrados en el Ministerio, que son: alojamiento, alimentos y bebidas, transporte tur\u00edstico (incluye transporte a\u00e9reo), operaci\u00f3n, intermediaci\u00f3n, agencias, con lo que los viajeros podr\u00e1n ahorrar en sus consumos durante los d\u00edas de asueto<\/p>\n\n\n\n<p>Para conocer los establecimientos que cuentan con registro de turismo y deber\u00e1n aplicar la tarifa reducida del IVA. (Fuente turismo.gob.ec)<\/p>\n","protected":false},"excerpt":{"rendered":"<p>Autoridades del gobierno dieron a conocer los detalles de los operativos y actividades previstas para el feriado de Carnaval, programado<\/p>\n","protected":false},"author":1,"featured_media":20281,"comment_status":"closed","ping_status":"closed","sticky":false,"template":"","format":"standard","meta":{"footnotes":""},"categories":[11,4,1],"tags":[],"_links":{"self":[{"href":"https:\/\/www.ecuadoraldia.com.ec\/index.php?rest_route=\/wp\/v2\/posts\/20280"}],"collection":[{"href":"https:\/\/www.ecuadoraldia.com.ec\/index.php?rest_route=\/wp\/v2\/posts"}],"about":[{"href":"https:\/\/www.ecuadoraldia.com.ec\/index.php?rest_route=\/wp\/v2\/types\/post"}],"author":[{"embeddable":true,"href":"https:\/\/www.ecuadoraldia.com.ec\/index.php?rest_route=\/wp\/v2\/users\/1"}],"replies":[{"embeddable":true,"href":"https:\/\/www.ecuadoraldia.com.ec\/index.php?rest_route=%2Fwp%2Fv2%2Fcomments&post=20280"}],"version-history":[{"count":1,"href":"https:\/\/www.ecuadoraldia.com.ec\/index.php?rest_route=\/wp\/v2\/posts\/20280\/revisions"}],"predecessor-version":[{"id":20282,"href":"https:\/\/www.ecuadoraldia.com.ec\/index.php?rest_route=\/wp\/v2\/posts\/20280\/revisions\/20282"}],"wp:featuredmedia":[{"embeddable":true,"href":"https:\/\/www.ecuadoraldia.com.ec\/index.php?rest_route=\/wp\/v2\/media\/20281"}],"wp:attachment":[{"href":"https:\/\/www.ecuadoraldia.com.ec\/index.php?rest_route=%2Fwp%2Fv2%2Fmedia&parent=20280"}],"wp:term":[{"taxonomy":"category","embeddable":true,"href":"https:\/\/www.ecuadoraldia.com.ec\/index.php?rest_route=%2Fwp%2Fv2%2Fcategories&post=20280"},{"taxonomy":"post_tag","embeddable":true,"href":"https:\/\/www.ecuadoraldia.com.ec\/index.php?rest_route=%2Fwp%2Fv2%2Ftags&post=20280"}],"curies":[{"name":"wp","href":"https:\/\/api.w.org\/{rel}","templated":true}]}}