{"id":20729,"date":"2023-05-19T08:06:58","date_gmt":"2023-05-19T13:06:58","guid":{"rendered":"https:\/\/www.ecuadoraldia.com.ec\/?p=20729"},"modified":"2023-05-19T08:09:21","modified_gmt":"2023-05-19T13:09:21","slug":"la-c-c-desecho-las-demandas-de-inconstitucionalidad-de-la-muerte-cruzada","status":"publish","type":"post","link":"https:\/\/www.ecuadoraldia.com.ec\/?p=20729","title":{"rendered":"La C C desech\u00f3 las demandas de inconstitucionalidad de la \u201cmuerte cruzada\u201d"},"content":{"rendered":"\n<p>Quito 19 de mayo de \u00a02023. Los tribunales que conforman la Sala de Admisi\u00f3n de la Corte Constitucional  decidieron, por unanimidad rechazar las demandas de inconstitucionalidad presentadas en contra del Decreto Ejecutivo No. 741 de 17 de mayo del 2023 con el cual el presidente de la Rep\u00fablica, Guillermo Lasso, dispuso disolver la Asamblea Nacional en aplicaci\u00f3n del art\u00edculo 148 de la Constituci\u00f3n.<\/p>\n\n\n\n<p>Como consecuencia de este fallo, los magistrados tambi\u00e9n desestimaron los pedidos de que la Corte adopte medidas cautelares con el fin de suspender provisionalmente los efectos del Decreto impugnado.<\/p>\n\n\n\n<p>&nbsp;La Corte Constitucional argument\u00f3 que no tiene competencia para pronunciarse respecto de la verificaci\u00f3n y motivaci\u00f3n de la causal de grave crisis pol\u00edtica y conmoci\u00f3n interna invocada por el presidente para disolver la Asamblea Nacional con fundamento en el art\u00edculo 148 de la Constituci\u00f3n, y tampoco la tiene ninguna otra autoridad judicial en el pa\u00eds.<\/p>\n\n\n\n<p>&nbsp;\u201cDe esta manera, la Corte Constitucional cumple con emitir pronunciamientos oportunos en atenci\u00f3n al momento por el que atraviesa el pa\u00eds\u201d, resalt\u00f3 la Corte en un comunicado emitido la noche de este jueves 18 de mayo de 2023.<\/p>\n\n\n\n<p>Tras conocer este fallo, el presidente Guillermo Lasso, destac\u00f3 que el tribunal ratific\u00f3 su decisi\u00f3n que est\u00e1 respaldada en la Constituci\u00f3n.<\/p>\n\n\n\n<p>&nbsp;La acci\u00f3n planteada por el PSC y la Izquierda Democr\u00e1tica (ID) fue sustanciada por el juez Joel Escudero.<\/p>\n\n\n\n<p>&nbsp;La jueza Daniela Salazar conoci\u00f3 la causa interpuesta por el Frente Popular (FP), Frente Unitario de Trabajadores (FUT), Uni\u00f3n Nacional de Educadores (UNE) y la Federaci\u00f3n de Estudiantes Universitarios (FEUE)<\/p>\n\n\n\n<p>La demanda interpuesta por el movimiento Pachakutik recay\u00f3 en el despacho del juez Enrique Herrer\u00eda.}<\/p>\n\n\n\n<p>&nbsp;La jueza Alejandra C\u00e1rdenas conoci\u00f3 la demanda planteada por Virgilio Saquicela, expresidente de la Asamblea.<\/p>\n\n\n\n<p>&nbsp;La jueza Carmen Corral sustanci\u00f3 la causa planteada por el abogado Jorge Sosa.<\/p>\n","protected":false},"excerpt":{"rendered":"<p>Quito 19 de mayo de \u00a02023. Los tribunales que conforman la Sala de Admisi\u00f3n de la Corte Constitucional decidieron, por<\/p>\n","protected":false},"author":1,"featured_media":20730,"comment_status":"closed","ping_status":"closed","sticky":false,"template":"","format":"standard","meta":{"footnotes":""},"categories":[11,3,1],"tags":[],"_links":{"self":[{"href":"https:\/\/www.ecuadoraldia.com.ec\/index.php?rest_route=\/wp\/v2\/posts\/20729"}],"collection":[{"href":"https:\/\/www.ecuadoraldia.com.ec\/index.php?rest_route=\/wp\/v2\/posts"}],"about":[{"href":"https:\/\/www.ecuadoraldia.com.ec\/index.php?rest_route=\/wp\/v2\/types\/post"}],"author":[{"embeddable":true,"href":"https:\/\/www.ecuadoraldia.com.ec\/index.php?rest_route=\/wp\/v2\/users\/1"}],"replies":[{"embeddable":true,"href":"https:\/\/www.ecuadoraldia.com.ec\/index.php?rest_route=%2Fwp%2Fv2%2Fcomments&post=20729"}],"version-history":[{"count":3,"href":"https:\/\/www.ecuadoraldia.com.ec\/index.php?rest_route=\/wp\/v2\/posts\/20729\/revisions"}],"predecessor-version":[{"id":20734,"href":"https:\/\/www.ecuadoraldia.com.ec\/index.php?rest_route=\/wp\/v2\/posts\/20729\/revisions\/20734"}],"wp:featuredmedia":[{"embeddable":true,"href":"https:\/\/www.ecuadoraldia.com.ec\/index.php?rest_route=\/wp\/v2\/media\/20730"}],"wp:attachment":[{"href":"https:\/\/www.ecuadoraldia.com.ec\/index.php?rest_route=%2Fwp%2Fv2%2Fmedia&parent=20729"}],"wp:term":[{"taxonomy":"category","embeddable":true,"href":"https:\/\/www.ecuadoraldia.com.ec\/index.php?rest_route=%2Fwp%2Fv2%2Fcategories&post=20729"},{"taxonomy":"post_tag","embeddable":true,"href":"https:\/\/www.ecuadoraldia.com.ec\/index.php?rest_route=%2Fwp%2Fv2%2Ftags&post=20729"}],"curies":[{"name":"wp","href":"https:\/\/api.w.org\/{rel}","templated":true}]}}