{"id":20752,"date":"2023-05-30T14:54:08","date_gmt":"2023-05-30T19:54:08","guid":{"rendered":"http:\/\/www.ecuadoraldia.com.ec\/?p=20752"},"modified":"2023-05-30T14:54:08","modified_gmt":"2023-05-30T19:54:08","slug":"el-cpccs-convoca-a-la-fiscal-diana-salazar-a-audiencia-publica","status":"publish","type":"post","link":"https:\/\/www.ecuadoraldia.com.ec\/?p=20752","title":{"rendered":"El  Cpccs convoca a la Fiscal Diana Salazar a audiencia p\u00fablica"},"content":{"rendered":"\n<p>El presidente del Consejo de Participaci\u00f3n Ciudadana y Control Social (Cpccs), Alembert Vera, dio a conocer, en su primer informe, que para este viernes, 2 de junio de 2023, se convoc\u00f3 a la Fiscal General del Estado, Diana Salazar, a que comparezca en este organismo.<\/p>\n\n\n\n<p>Inform\u00f3 que este llamado se da en base a dos solicitudes de colectivo ciudadanos por una denuncia de un supuesto plagio de tesis, mismo que ya est\u00e1 siendo investigado por una comisi\u00f3n de la Universidad Central del Ecuador.<\/p>\n\n\n\n<p>Vera adelant\u00f3 que si \u201cse ha cometido un plagio o lo que fuese, que se investigue. Y s\u00ed fue as\u00ed, el primero acto de decencia es renunciar\u201d. La diligencia se desarrollar\u00e1 a partir de las 10:00.<\/p>\n\n\n\n<p>Con esta decisi\u00f3n, el organismo accedi\u00f3 al pedido del colectivo Acci\u00f3n Jur\u00eddica Popular (AJP) que el 23 de mayo de 2023, pidi\u00f3 ser recibidos para exponer&nbsp; sobre el presunto plagio del 40% de la tesis de grado de Salazar, y a la par que la Fiscal responda preguntas al respecto.<\/p>\n\n\n\n<p>Alembert Vera, presidente del Cpccs, respald\u00f3 la decisi\u00f3n del organismo en el art\u00edculo 72 de la Ley Org\u00e1nica de Participaci\u00f3n Ciudadana que refiere que son mecanismos de participaci\u00f3n en la gesti\u00f3n p\u00fablica los instrumentos con los que cuenta la ciudadan\u00eda de forma individual o colectiva para participar en todos los niveles de gobierno establecidos en la Constituci\u00f3n y la Ley.<\/p>\n\n\n\n<p>Uno de ellos son las audiencias p\u00fablicas contempladas en el art\u00edculo 73 de la misma ley. Son instancias de participaci\u00f3n habilitadas por la autoridad (del Cpccs) ya sea por iniciativa propia o a pedido de la ciudadan\u00eda para fundamentar decisiones o acciones de gobierno.<\/p>\n\n\n\n<p>En una declaraci\u00f3n del 25 de mayo, Alembert Vera, insisti\u00f3 que el Consejo no puede remover, ni destituir a ning\u00fan funcionario p\u00fablico, y \u00abpeor a la fiscal del Estado\u00bb.<\/p>\n\n\n\n<p>La v\u00edspera el presidente del Consejo de la Judicatura, Wilman Ter\u00e1n, ha convocado a sesi\u00f3n del Pleno la noche de este lunes 29 de mayo de 2023, a las 19 horas y 40 minutos, para tratar un informe de la Subcomisi\u00f3n de Control Disciplinario de la misma entidad que envi\u00f3 un memorando que concluye<\/p>\n\n\n\n<p>\u00abSe recomienda al pleno del Consejo de la Judicatura emitir la medida preventiva de suspensi\u00f3n en contra de la servidora judicial Lady Diana Salazar M\u00e9ndez\u00bb.<\/p>\n\n\n\n<p>No se ha informado en base a qu\u00e9 m\u00e9ritos dicha Subcomisi\u00f3n recomienda la suspensi\u00f3n de la Fiscal Salazar durante tres meses, sin sueldo, y pide que se le abra un expediente administrativo que puede concluir en su destituci\u00f3n.<\/p>\n","protected":false},"excerpt":{"rendered":"<p>El presidente del Consejo de Participaci\u00f3n Ciudadana y Control Social (Cpccs), Alembert Vera, dio a conocer, en su primer informe,<\/p>\n","protected":false},"author":1,"featured_media":20753,"comment_status":"closed","ping_status":"closed","sticky":false,"template":"","format":"standard","meta":{"footnotes":""},"categories":[11,3,1],"tags":[],"_links":{"self":[{"href":"https:\/\/www.ecuadoraldia.com.ec\/index.php?rest_route=\/wp\/v2\/posts\/20752"}],"collection":[{"href":"https:\/\/www.ecuadoraldia.com.ec\/index.php?rest_route=\/wp\/v2\/posts"}],"about":[{"href":"https:\/\/www.ecuadoraldia.com.ec\/index.php?rest_route=\/wp\/v2\/types\/post"}],"author":[{"embeddable":true,"href":"https:\/\/www.ecuadoraldia.com.ec\/index.php?rest_route=\/wp\/v2\/users\/1"}],"replies":[{"embeddable":true,"href":"https:\/\/www.ecuadoraldia.com.ec\/index.php?rest_route=%2Fwp%2Fv2%2Fcomments&post=20752"}],"version-history":[{"count":1,"href":"https:\/\/www.ecuadoraldia.com.ec\/index.php?rest_route=\/wp\/v2\/posts\/20752\/revisions"}],"predecessor-version":[{"id":20754,"href":"https:\/\/www.ecuadoraldia.com.ec\/index.php?rest_route=\/wp\/v2\/posts\/20752\/revisions\/20754"}],"wp:featuredmedia":[{"embeddable":true,"href":"https:\/\/www.ecuadoraldia.com.ec\/index.php?rest_route=\/wp\/v2\/media\/20753"}],"wp:attachment":[{"href":"https:\/\/www.ecuadoraldia.com.ec\/index.php?rest_route=%2Fwp%2Fv2%2Fmedia&parent=20752"}],"wp:term":[{"taxonomy":"category","embeddable":true,"href":"https:\/\/www.ecuadoraldia.com.ec\/index.php?rest_route=%2Fwp%2Fv2%2Fcategories&post=20752"},{"taxonomy":"post_tag","embeddable":true,"href":"https:\/\/www.ecuadoraldia.com.ec\/index.php?rest_route=%2Fwp%2Fv2%2Ftags&post=20752"}],"curies":[{"name":"wp","href":"https:\/\/api.w.org\/{rel}","templated":true}]}}