{"id":20756,"date":"2023-05-31T16:48:31","date_gmt":"2023-05-31T21:48:31","guid":{"rendered":"http:\/\/www.ecuadoraldia.com.ec\/?p=20756"},"modified":"2023-05-31T16:48:32","modified_gmt":"2023-05-31T21:48:32","slug":"mas-de-420-productores-de-bolivar-reciben-insumos-para-mejorar-la-produccion-agropecuaria","status":"publish","type":"post","link":"https:\/\/www.ecuadoraldia.com.ec\/?p=20756","title":{"rendered":"M\u00e1s de 420 productores de Bol\u00edvar reciben insumos para mejorar la producci\u00f3n agropecuaria"},"content":{"rendered":"\n<p>Echeand\u00eda, 31 de mayo de 2023.- 422 peque\u00f1os productores del cant\u00f3n Echeand\u00eda, de la provincia Bol\u00edvar, recibieron insumos que les permitir\u00e1n mejorar la producci\u00f3n de cacao, ma\u00edz suave, hortalizas, as\u00ed como la actividad ganadera.<\/p>\n\n\n\n<p>En un evento efectuado en el sector San Gerardo, el ministro de Agricultura y Ganader\u00eda, Eduardo Izaguirre Mar\u00edn, entreg\u00f3 una m\u00e1quina secadora circular de cacao que beneficiar\u00e1 a 125 productores de Echeand\u00eda, de los que 36 son socios del centro de acopio de la Asociaci\u00f3n de Productores Agropecuarios San Gerardo.<\/p>\n\n\n\n<p>La secadora fue obtenida con apoyo del Proyecto Paisajes Andinos, implementado por la FAO con el financiamiento de la Uni\u00f3n Europea, con una inversi\u00f3n de 14 mil 990 d\u00f3lares, para que los productores de cacao mejoren los procesos de postcosecha.<\/p>\n\n\n\n<p>El Ministro consider\u00f3 que estos insumos contribuir\u00e1n para tener productos con mayor calidad, generar m\u00e1s ingresos para los agricultores y sus familias. Adicional, inform\u00f3 que todos los insumos se entregan a nivel nacional y directamente a cada bno de los productores.<\/p>\n\n\n\n<p>En el evento, 179 peque\u00f1os productores de cacao convencional, ma\u00edz suave y hortalizas recibieron fungicidas y fertilizantes foliares y ed\u00e1ficos, con una inversi\u00f3n de 31 mil 200 d\u00f3lares.<\/p>\n\n\n\n<p>Adem\u00e1s, 29 productores de Echeand\u00eda obtuvieron los t\u00edtulos de propiedad de sus tierras, que se suman a los 2 mil 50 t\u00edtulos entregados en Bol\u00edvar, en este Gobierno.<\/p>\n\n\n\n<p>Tambi\u00e9n 15 productores de la Asociaci\u00f3n de Productores de Naranjilleros recibieron el reconocimiento de personer\u00eda jur\u00eddica.<\/p>\n\n\n\n<p>20 peque\u00f1os ganaderos del cant\u00f3n Guaranda se beneficiaron con 12 motoguada\u00f1as, cinco picadoras, dos bombas nebulizadoras y un kit de identificaci\u00f3n bovina, como parte de los paquetes tecnol\u00f3gicos pecuarios. La inversi\u00f3n es de 25 mil 393,76 d\u00f3lares, de la cual se subvenciona el 50 %. Adicionalmente, 20 productores de la parroquia Telimbela recibieron certificados de haberse capacitado en la Comunidad de Aprendizaje, y otros 20 obtuvieron los<\/p>\n\n\n\n<p>carnets de la Agricultura Familiar Campesina, con los que podr\u00e1n acceder a mercados &nbsp;diferenciados, disminuyendo la cadena de intermediaci\u00f3n Finalmente, 14 productoras de la Asociaci\u00f3n de Mujeres San Gerardo se benefician con los Sellos AFC, para acceder a mercados formales y comercializar sus productos con un valor diferenciado<\/p>\n","protected":false},"excerpt":{"rendered":"<p>Echeand\u00eda, 31 de mayo de 2023.- 422 peque\u00f1os productores del cant\u00f3n Echeand\u00eda, de la provincia Bol\u00edvar, recibieron insumos que les<\/p>\n","protected":false},"author":1,"featured_media":20757,"comment_status":"closed","ping_status":"closed","sticky":false,"template":"","format":"standard","meta":{"footnotes":""},"categories":[9,3,1],"tags":[],"_links":{"self":[{"href":"https:\/\/www.ecuadoraldia.com.ec\/index.php?rest_route=\/wp\/v2\/posts\/20756"}],"collection":[{"href":"https:\/\/www.ecuadoraldia.com.ec\/index.php?rest_route=\/wp\/v2\/posts"}],"about":[{"href":"https:\/\/www.ecuadoraldia.com.ec\/index.php?rest_route=\/wp\/v2\/types\/post"}],"author":[{"embeddable":true,"href":"https:\/\/www.ecuadoraldia.com.ec\/index.php?rest_route=\/wp\/v2\/users\/1"}],"replies":[{"embeddable":true,"href":"https:\/\/www.ecuadoraldia.com.ec\/index.php?rest_route=%2Fwp%2Fv2%2Fcomments&post=20756"}],"version-history":[{"count":1,"href":"https:\/\/www.ecuadoraldia.com.ec\/index.php?rest_route=\/wp\/v2\/posts\/20756\/revisions"}],"predecessor-version":[{"id":20758,"href":"https:\/\/www.ecuadoraldia.com.ec\/index.php?rest_route=\/wp\/v2\/posts\/20756\/revisions\/20758"}],"wp:featuredmedia":[{"embeddable":true,"href":"https:\/\/www.ecuadoraldia.com.ec\/index.php?rest_route=\/wp\/v2\/media\/20757"}],"wp:attachment":[{"href":"https:\/\/www.ecuadoraldia.com.ec\/index.php?rest_route=%2Fwp%2Fv2%2Fmedia&parent=20756"}],"wp:term":[{"taxonomy":"category","embeddable":true,"href":"https:\/\/www.ecuadoraldia.com.ec\/index.php?rest_route=%2Fwp%2Fv2%2Fcategories&post=20756"},{"taxonomy":"post_tag","embeddable":true,"href":"https:\/\/www.ecuadoraldia.com.ec\/index.php?rest_route=%2Fwp%2Fv2%2Ftags&post=20756"}],"curies":[{"name":"wp","href":"https:\/\/api.w.org\/{rel}","templated":true}]}}