{"id":20759,"date":"2023-06-01T13:34:32","date_gmt":"2023-06-01T18:34:32","guid":{"rendered":"http:\/\/www.ecuadoraldia.com.ec\/?p=20759"},"modified":"2023-06-01T13:34:33","modified_gmt":"2023-06-01T18:34:33","slug":"lasso-da-espaldarazo-la-fiscal-salazar","status":"publish","type":"post","link":"https:\/\/www.ecuadoraldia.com.ec\/?p=20759","title":{"rendered":"Lasso da espaldarazo la fiscal Salazar"},"content":{"rendered":"\n<p><\/p>\n\n\n\n<p>&nbsp;El presidente Guillermo Lasso reaccion\u00f3 ante las amenazas de muerte que recibi\u00f3 la fiscal Diana Salazar y su familia. Mientras que el Ministerio del Interior emprendi\u00f3 una investigaci\u00f3n al respecto.<\/p>\n\n\n\n<p>En un comunicado, emitido este 1 de junio, la Fiscal\u00eda confirma que la m\u00e1xima autoridad de la instituci\u00f3n, Diana Salazar, ha recibido una amenaza de muerte a trav\u00e9s de medios digitales. Seg\u00fan el mensaje de la entidad, las amenazas en contra de Salazar y de su familia han escalado. Y como muestra est\u00e1 una captura de la plataforma WhatsApp.<\/p>\n\n\n\n<p>En el mensaje se evidencia un video, dirigido a Salazar y en el que un grupo armado le avisa a la Fiscal que tienen \u201ctodas sus ubicaciones\u201d y advierten con atentar contra ella.<\/p>\n\n\n\n<p>\u201cEsta instituci\u00f3n rechaza todo intento de amedrentamiento que se da por el cumplimiento irrestricto de las competencias institucionales encomendadas\u201d, se\u00f1al\u00f3 la Fiscal\u00eda, este jueves. Por otra parte, sin mencionar directamente al pedido del Consejo de Participaci\u00f3n Ciudadana o el informe del Consejo de la Judicatura, la Fiscal\u00eda indic\u00f3 que las amenazas a Salazar se suman a los ataques a la \u201cinstitucionalidad del Estado\u201d.<\/p>\n\n\n\n<p>Seguridad para la Fiscal Tras conocer las amenazas, presidente Guillermo Lasso dispuso a la Polic\u00eda Nacional que brinde toda la \u201cprotecci\u00f3n necesaria\u201d para la Fiscal. El Mandatario dijo tambi\u00e9n que los \u201cecuatorianos no podemos tolerar que los grupos criminales y sus actos terroristas amenacen la vida de una autoridad\u201d.<\/p>\n\n\n\n<p>D\u00edas atr\u00e1s, el Consejo de Participaci\u00f3n convoc\u00f3 a una audiencia p\u00fablica a la Fiscal para que explique sobre un supuesto plagio de una tesis universitaria. Esta sesi\u00f3n se realizar\u00e1 la tarde de este 1 de junio, aunque sin presencia de Salazar. Ante esto, Salazar ha mencionado que las acciones de ambos consejos son un \u201cintento desesperado por tomarse la justicia. Las acusaciones son solo distractoras\u201d.<\/p>\n\n\n\n<p>Procesos judiciales y sentencias \u00bfen riesgo por denuncias contra la Fiscal? La fiscal Diana Salazar ha sido denunciada por supuestas irregularidades en su titulaci\u00f3n acad\u00e9mica. Los casos que ha investigado no est\u00e1n en riesgo.<\/p>\n\n\n\n<p>&nbsp;Diana Salazar, tiene tres frentes abiertos por las denuncias en su contra. La funcionaria es se\u00f1alada por presuntas irregularidades de derechos de autor en su trabajo de titulaci\u00f3n como abogada. La organizaci\u00f3n Acci\u00f3n Jur\u00eddica Popular ha pedido la intervenci\u00f3n del Consejo de la Judicatura, el Consejo de Participaci\u00f3n Ciudadana (CPCCS) y de la Universidad Central del Ecuador.<\/p>\n\n\n\n<p>Incluso, esta agrupaci\u00f3n ha solicitado a las dos primeras entidades que suspendan y destituyan a Salazar del cargo en la Fiscal\u00eda. Paul Oca\u00f1a, abogado de Salazar, asegura que esa sanci\u00f3n no procede porque ni la Judicatura ni el CPCCS tienen la facultad para destituir a una Fiscal General. Este procedimiento es privativo de la Asamblea Nacional, a trav\u00e9s de un juicio pol\u00edtico, a\u00f1adi\u00f3. En el caso de la Universidad Central -que anunci\u00f3 la conformaci\u00f3n de una Comisi\u00f3n para que revise la tesis de Salazar- Oca\u00f1a asegura que tampoco es procedente porque ser\u00eda violatorio de derechos.<\/p>\n\n\n\n<p>Diana Salazar se desempe\u00f1a como Fiscal General desde abril de 2019. En los cuatro a\u00f1os que lleva de gesti\u00f3n, estas son las cinco sentencias m\u00e1s importantes que ha conseguido:<\/p>\n\n\n\n<p>Diana Salazar, denunci\u00f3 una amenaza en contra de su vida, mediante un video enviado por mensaje a su celular, la madrugada del 1 de junio de 2023.<\/p>\n\n\n\n<p>En el video se ve a un grupo armado que le asegura que \u201cesta vez no creo que te me salvas\u201d, y se\u00f1ala que la tienen monitoreada.<\/p>\n\n\n\n<p>\u201cSi no te vas por las buenas, te vas por las malas\u201d, se escucha a uno de los encapuchados en el video, y agrega que no quiere arruinarle el cumplea\u00f1os asesinando a su hija pues \u201cantes de matarte te hago llorar y sufrir\u201d.<\/p>\n","protected":false},"excerpt":{"rendered":"<p>&nbsp;El presidente Guillermo Lasso reaccion\u00f3 ante las amenazas de muerte que recibi\u00f3 la fiscal Diana Salazar y su familia. Mientras<\/p>\n","protected":false},"author":1,"featured_media":20760,"comment_status":"closed","ping_status":"closed","sticky":false,"template":"","format":"standard","meta":{"footnotes":""},"categories":[11,3,1],"tags":[],"_links":{"self":[{"href":"https:\/\/www.ecuadoraldia.com.ec\/index.php?rest_route=\/wp\/v2\/posts\/20759"}],"collection":[{"href":"https:\/\/www.ecuadoraldia.com.ec\/index.php?rest_route=\/wp\/v2\/posts"}],"about":[{"href":"https:\/\/www.ecuadoraldia.com.ec\/index.php?rest_route=\/wp\/v2\/types\/post"}],"author":[{"embeddable":true,"href":"https:\/\/www.ecuadoraldia.com.ec\/index.php?rest_route=\/wp\/v2\/users\/1"}],"replies":[{"embeddable":true,"href":"https:\/\/www.ecuadoraldia.com.ec\/index.php?rest_route=%2Fwp%2Fv2%2Fcomments&post=20759"}],"version-history":[{"count":1,"href":"https:\/\/www.ecuadoraldia.com.ec\/index.php?rest_route=\/wp\/v2\/posts\/20759\/revisions"}],"predecessor-version":[{"id":20761,"href":"https:\/\/www.ecuadoraldia.com.ec\/index.php?rest_route=\/wp\/v2\/posts\/20759\/revisions\/20761"}],"wp:featuredmedia":[{"embeddable":true,"href":"https:\/\/www.ecuadoraldia.com.ec\/index.php?rest_route=\/wp\/v2\/media\/20760"}],"wp:attachment":[{"href":"https:\/\/www.ecuadoraldia.com.ec\/index.php?rest_route=%2Fwp%2Fv2%2Fmedia&parent=20759"}],"wp:term":[{"taxonomy":"category","embeddable":true,"href":"https:\/\/www.ecuadoraldia.com.ec\/index.php?rest_route=%2Fwp%2Fv2%2Fcategories&post=20759"},{"taxonomy":"post_tag","embeddable":true,"href":"https:\/\/www.ecuadoraldia.com.ec\/index.php?rest_route=%2Fwp%2Fv2%2Ftags&post=20759"}],"curies":[{"name":"wp","href":"https:\/\/api.w.org\/{rel}","templated":true}]}}