{"id":20762,"date":"2023-06-02T11:25:35","date_gmt":"2023-06-02T16:25:35","guid":{"rendered":"https:\/\/www.ecuadoraldia.com.ec\/?p=20762"},"modified":"2023-06-02T11:25:36","modified_gmt":"2023-06-02T16:25:36","slug":"caso-gabela-la-corte-constitucional-amplio-el-plazo-de-entrega-de-la-reconstruccion-del-informe","status":"publish","type":"post","link":"https:\/\/www.ecuadoraldia.com.ec\/?p=20762","title":{"rendered":"Caso Gabela: la Corte Constitucional ampli\u00f3  el plazo de entrega de la reconstrucci\u00f3n del informe"},"content":{"rendered":"\n<p>El perito argentino Roberto Meza Niella, quien est\u00e1 a cargo de la investigaci\u00f3n de la muerte del excomandante de la Fuerza A\u00e9rea Ecuatoriana (FAE), Jorge Gabela Bueno, indic\u00f3 que la Corte Constitucional (CC) notific\u00f3 el plazo de ampliaci\u00f3n de entrega de la reconstrucci\u00f3n del informe en 90 d\u00edas.<\/p>\n\n\n\n<p>Lo anunci\u00f3 horas despu\u00e9s de la rueda de prensa que dio la ma\u00f1ana de hoy, jueves 1 de junio de 2023, junto a los comisionados a cargo de la coordinaci\u00f3n del caso.<\/p>\n\n\n\n<p>Dijo que ocho de los 10 elementos probatorios que constaban en el tercer producto se pudieron rescatar en esta nueva investigaci\u00f3n. Present\u00f3 un primer diagn\u00f3stico de la informaci\u00f3n que recibi\u00f3 hace 15 d\u00edas de las instituciones p\u00fablicas involucradas.<\/p>\n\n\n\n<p>La informaci\u00f3n restante se solicitar\u00e1 y deber\u00e1 ser remitida en los pr\u00f3ximos cinco d\u00edas.<\/p>\n\n\n\n<p>Casi quince d\u00edas despu\u00e9s de su llegada a Ecuador, el forense argentino Roberto Meza Niella tiene listo un informe de la informaci\u00f3n recabada y que servir\u00e1 para reconstruir este tercer producto, que desapareci\u00f3 de los registros estatales y que fue parte de un expediente de investigaci\u00f3n que orden\u00f3 realizar el expresidente Rafael Correa a trav\u00e9s de un Comit\u00e9 Interinstitucional que constituy\u00f3 en el 2012.<\/p>\n\n\n\n<p>Meza regres\u00f3 al pa\u00eds contratado por el gobierno de Guillermo Lasso con la tarea de volver a elaborar este expediente, luego que la Corte Constitucional concluy\u00f3 que se vulner\u00f3 el derecho a la verdad de la familia de Jorge Gabela y orden\u00f3 que se elabore este tercer producto, con el acompa\u00f1amiento de la Comisi\u00f3n de Coordinaci\u00f3n.<\/p>\n\n\n\n<p>Seg\u00fan el perito argentino, recibi\u00f3 18 cajas de informaci\u00f3n con un total de 26.444 hojas que conten\u00edan documentos relevantes y tambi\u00e9n irrelevantes; adem\u00e1s de 50 discos compactos, unos mal grabados, otros vac\u00edos y algunos con contrase\u00f1as que imposibilitaron el acceso a su contenido.<\/p>\n\n\n\n<p>De estas 18 cajas, doce proven\u00edan del Ministerio de la Mujer, que hered\u00f3 la documentaci\u00f3n de lo que antes fue el Ministerio de Justicia, que presidi\u00f3 el Comit\u00e9 Interinstitucional que cre\u00f3 Correa. Sin embargo, en ninguna de esas doce cajas se encontr\u00f3 alguna versi\u00f3n del informe final o tercer producto que elabor\u00f3 el perito en el 2013, cuando fue contratado con ese prop\u00f3sito.<\/p>\n\n\n\n<p>\u201cNo hay ninguna versi\u00f3n del tercer producto\u201d, sentenci\u00f3 Meza este jueves en una declaraci\u00f3n de prensa, en la que estuvo acompa\u00f1ado de los miembros de la Comisi\u00f3n, el catedr\u00e1tico Arturo Moscoso y Jeannine Cruz, presidenta del Consejo de Comunicaci\u00f3n.<\/p>\n\n\n\n<p>Meza se mostr\u00f3 sorprendido de que el extinto Comit\u00e9 Interinstitucional que cre\u00f3 Rafael Correa present\u00f3 en el 2015 un informe final con base en un documento (tercer producto) que no ten\u00eda su firma de responsabilidad.<\/p>\n","protected":false},"excerpt":{"rendered":"<p>El perito argentino Roberto Meza Niella, quien est\u00e1 a cargo de la investigaci\u00f3n de la muerte del excomandante de la<\/p>\n","protected":false},"author":1,"featured_media":20763,"comment_status":"closed","ping_status":"closed","sticky":false,"template":"","format":"standard","meta":{"footnotes":""},"categories":[5,11,3,20,1],"tags":[],"_links":{"self":[{"href":"https:\/\/www.ecuadoraldia.com.ec\/index.php?rest_route=\/wp\/v2\/posts\/20762"}],"collection":[{"href":"https:\/\/www.ecuadoraldia.com.ec\/index.php?rest_route=\/wp\/v2\/posts"}],"about":[{"href":"https:\/\/www.ecuadoraldia.com.ec\/index.php?rest_route=\/wp\/v2\/types\/post"}],"author":[{"embeddable":true,"href":"https:\/\/www.ecuadoraldia.com.ec\/index.php?rest_route=\/wp\/v2\/users\/1"}],"replies":[{"embeddable":true,"href":"https:\/\/www.ecuadoraldia.com.ec\/index.php?rest_route=%2Fwp%2Fv2%2Fcomments&post=20762"}],"version-history":[{"count":1,"href":"https:\/\/www.ecuadoraldia.com.ec\/index.php?rest_route=\/wp\/v2\/posts\/20762\/revisions"}],"predecessor-version":[{"id":20764,"href":"https:\/\/www.ecuadoraldia.com.ec\/index.php?rest_route=\/wp\/v2\/posts\/20762\/revisions\/20764"}],"wp:featuredmedia":[{"embeddable":true,"href":"https:\/\/www.ecuadoraldia.com.ec\/index.php?rest_route=\/wp\/v2\/media\/20763"}],"wp:attachment":[{"href":"https:\/\/www.ecuadoraldia.com.ec\/index.php?rest_route=%2Fwp%2Fv2%2Fmedia&parent=20762"}],"wp:term":[{"taxonomy":"category","embeddable":true,"href":"https:\/\/www.ecuadoraldia.com.ec\/index.php?rest_route=%2Fwp%2Fv2%2Fcategories&post=20762"},{"taxonomy":"post_tag","embeddable":true,"href":"https:\/\/www.ecuadoraldia.com.ec\/index.php?rest_route=%2Fwp%2Fv2%2Ftags&post=20762"}],"curies":[{"name":"wp","href":"https:\/\/api.w.org\/{rel}","templated":true}]}}