{"id":20765,"date":"2023-06-02T13:56:24","date_gmt":"2023-06-02T18:56:24","guid":{"rendered":"http:\/\/www.ecuadoraldia.com.ec\/?p=20765"},"modified":"2023-06-02T14:02:34","modified_gmt":"2023-06-02T19:02:34","slug":"guillermo-lasso-no-sera-candidato-a-la-presidencia","status":"publish","type":"post","link":"https:\/\/www.ecuadoraldia.com.ec\/?p=20765","title":{"rendered":"Lasso no  ser\u00e1 candidato a la Presidencia"},"content":{"rendered":"\n<p>Quito, 2 de junio de 2023. &nbsp;El presidente Guillermo Lasso, dijo hoy que no ser\u00e1 &nbsp;candidato a la presidencia de la Rep\u00fablica para las elecciones anticipadas de agosto pr\u00f3ximo. El Mandatario advirti\u00f3 que los ecuatorianos tendr\u00e1n que decidir entre \u201cdemocracia o autoritarismo\u201d, cada persona tiene un rol vital que desempe\u00f1ar, &nbsp;como candidato, votante o generador de opini\u00f3n.<\/p>\n\n\n\n<p>Por eso, invit\u00f3 a todos los sectores democr\u00e1ticos a reflexionar sobre el papel que jugar\u00e1n en los meses de la contienda electoral y si su participaci\u00f3n incrementa o disminuye las probabilidades de que la democracia persevere en el pa\u00eds.<\/p>\n\n\n\n<p>El presidente Lasso explic\u00f3 que se presentaba ante la ciudadan\u00eda como padre y esposo, como ciudadano. &nbsp;Record\u00f3 los que considera hitos de su administraci\u00f3n, como la vacunaci\u00f3n contra el Covid-19 y la estabilizaci\u00f3n econ\u00f3mica. Pero acept\u00f3 tambi\u00e9n que no todo ha salido como esperaba y que ha habido eventos imposibles de prever, especialmente el crecimiento del narcotr\u00e1fico y la inseguridad. Pero agreg\u00f3 que el Gobierno y las fuerzas p\u00fablicas respondieron ante el desaf\u00edo, con incautaciones r\u00e9cord de drogas.<\/p>\n\n\n\n<p>Lasso fue tajante \u201cno aceptar\u00e9 la postulaci\u00f3n a la Presidencia para las elecciones de agosto. No aceptare la postulaci\u00f3n para las pr\u00f3ximas elecciones del 20 de agosto. Eso si que quede algo muy claro, esto no es ni de lejos un punto final\u201d.<\/p>\n","protected":false},"excerpt":{"rendered":"<p>Quito, 2 de junio de 2023. &nbsp;El presidente Guillermo Lasso, dijo hoy que no ser\u00e1 &nbsp;candidato a la presidencia de<\/p>\n","protected":false},"author":1,"featured_media":20766,"comment_status":"closed","ping_status":"closed","sticky":false,"template":"","format":"standard","meta":{"footnotes":""},"categories":[11,3,1],"tags":[],"_links":{"self":[{"href":"https:\/\/www.ecuadoraldia.com.ec\/index.php?rest_route=\/wp\/v2\/posts\/20765"}],"collection":[{"href":"https:\/\/www.ecuadoraldia.com.ec\/index.php?rest_route=\/wp\/v2\/posts"}],"about":[{"href":"https:\/\/www.ecuadoraldia.com.ec\/index.php?rest_route=\/wp\/v2\/types\/post"}],"author":[{"embeddable":true,"href":"https:\/\/www.ecuadoraldia.com.ec\/index.php?rest_route=\/wp\/v2\/users\/1"}],"replies":[{"embeddable":true,"href":"https:\/\/www.ecuadoraldia.com.ec\/index.php?rest_route=%2Fwp%2Fv2%2Fcomments&post=20765"}],"version-history":[{"count":2,"href":"https:\/\/www.ecuadoraldia.com.ec\/index.php?rest_route=\/wp\/v2\/posts\/20765\/revisions"}],"predecessor-version":[{"id":20768,"href":"https:\/\/www.ecuadoraldia.com.ec\/index.php?rest_route=\/wp\/v2\/posts\/20765\/revisions\/20768"}],"wp:featuredmedia":[{"embeddable":true,"href":"https:\/\/www.ecuadoraldia.com.ec\/index.php?rest_route=\/wp\/v2\/media\/20766"}],"wp:attachment":[{"href":"https:\/\/www.ecuadoraldia.com.ec\/index.php?rest_route=%2Fwp%2Fv2%2Fmedia&parent=20765"}],"wp:term":[{"taxonomy":"category","embeddable":true,"href":"https:\/\/www.ecuadoraldia.com.ec\/index.php?rest_route=%2Fwp%2Fv2%2Fcategories&post=20765"},{"taxonomy":"post_tag","embeddable":true,"href":"https:\/\/www.ecuadoraldia.com.ec\/index.php?rest_route=%2Fwp%2Fv2%2Ftags&post=20765"}],"curies":[{"name":"wp","href":"https:\/\/api.w.org\/{rel}","templated":true}]}}