{"id":20770,"date":"2023-06-05T08:44:23","date_gmt":"2023-06-05T13:44:23","guid":{"rendered":"http:\/\/www.ecuadoraldia.com.ec\/?p=20770"},"modified":"2023-06-05T08:47:20","modified_gmt":"2023-06-05T13:47:20","slug":"cne-los-partidos-deberan-definir-sus-candidatos-en-esta-semana","status":"publish","type":"post","link":"https:\/\/www.ecuadoraldia.com.ec\/?p=20770","title":{"rendered":"CNE: partidos deber\u00e1n definir sus candidatos  esta semana"},"content":{"rendered":"\n<p><\/p>\n\n\n\n<p>Los partidos y movimientos pol\u00edticos que deseen participar en las elecciones de 2023 tienen pocos d\u00edas para designar a los candidatos que propondr\u00e1n. Pero, aunque el plazo para hacerlo comenz\u00f3 el pasado 25 de mayo pasado, el Consejo Nacional Electoral (CNE) apenas ha recibido una postulaci\u00f3n oficialmente.<\/p>\n\n\n\n<p>Lo apretado del calendario electoral definido despu\u00e9s de la muerte cruzada ha colocado a los partidos y movimientos pol\u00edticos en aprietos. Generalmente, la planificaci\u00f3n de las elecciones deja mucho m\u00e1s tiempo para que sus negociaciones cierren.<\/p>\n\n\n\n<p>El Pleno del Consejo Nacional Electoral (CNE) ratific\u00f3, la fecha prevista para las Elecciones Presidenciales y Legislativas Anticipadas 2023, que se realizar\u00e1n el pr\u00f3ximo 20 de agosto.<\/p>\n\n\n\n<p>No obstante, con el objetivo de cumplir la resoluci\u00f3n del Tribunal Contencioso Electoral (TCE) sobre la paridad de g\u00e9nero en las listas pluripersonales y en los binomios presidenciales, se reform\u00f3 el Reglamento Especial para las Elecciones Presidenciales y Legislativas Anticipadas 2023.<\/p>\n\n\n\n<p>En tal sentido, se aprob\u00f3 una actualizaci\u00f3n del Calendario Electoral. Es as\u00ed que, se ampli\u00f3 el plazo para el desarrollo de los procesos de democracia interna (elecciones primarias) y el registro de alianzas, hasta el s\u00e1bado 10 de junio; y para la inscripci\u00f3n de candidaturas, hasta las 23:59 del martes, 13 de junio de 2023.<\/p>\n\n\n\n<p>Las autoridades electorales tambi\u00e9n resolvieron sobre las peticiones de inscripci\u00f3n y registro de personas naturales y jur\u00eddicas para realizar Pron\u00f3sticos Electorales.<\/p>\n","protected":false},"excerpt":{"rendered":"<p>Los partidos y movimientos pol\u00edticos que deseen participar en las elecciones de 2023 tienen pocos d\u00edas para designar a los<\/p>\n","protected":false},"author":1,"featured_media":20771,"comment_status":"closed","ping_status":"closed","sticky":false,"template":"","format":"standard","meta":{"footnotes":""},"categories":[11,3,1],"tags":[],"_links":{"self":[{"href":"https:\/\/www.ecuadoraldia.com.ec\/index.php?rest_route=\/wp\/v2\/posts\/20770"}],"collection":[{"href":"https:\/\/www.ecuadoraldia.com.ec\/index.php?rest_route=\/wp\/v2\/posts"}],"about":[{"href":"https:\/\/www.ecuadoraldia.com.ec\/index.php?rest_route=\/wp\/v2\/types\/post"}],"author":[{"embeddable":true,"href":"https:\/\/www.ecuadoraldia.com.ec\/index.php?rest_route=\/wp\/v2\/users\/1"}],"replies":[{"embeddable":true,"href":"https:\/\/www.ecuadoraldia.com.ec\/index.php?rest_route=%2Fwp%2Fv2%2Fcomments&post=20770"}],"version-history":[{"count":2,"href":"https:\/\/www.ecuadoraldia.com.ec\/index.php?rest_route=\/wp\/v2\/posts\/20770\/revisions"}],"predecessor-version":[{"id":20774,"href":"https:\/\/www.ecuadoraldia.com.ec\/index.php?rest_route=\/wp\/v2\/posts\/20770\/revisions\/20774"}],"wp:featuredmedia":[{"embeddable":true,"href":"https:\/\/www.ecuadoraldia.com.ec\/index.php?rest_route=\/wp\/v2\/media\/20771"}],"wp:attachment":[{"href":"https:\/\/www.ecuadoraldia.com.ec\/index.php?rest_route=%2Fwp%2Fv2%2Fmedia&parent=20770"}],"wp:term":[{"taxonomy":"category","embeddable":true,"href":"https:\/\/www.ecuadoraldia.com.ec\/index.php?rest_route=%2Fwp%2Fv2%2Fcategories&post=20770"},{"taxonomy":"post_tag","embeddable":true,"href":"https:\/\/www.ecuadoraldia.com.ec\/index.php?rest_route=%2Fwp%2Fv2%2Ftags&post=20770"}],"curies":[{"name":"wp","href":"https:\/\/api.w.org\/{rel}","templated":true}]}}