{"id":20775,"date":"2023-06-05T09:11:00","date_gmt":"2023-06-05T14:11:00","guid":{"rendered":"http:\/\/www.ecuadoraldia.com.ec\/?p=20775"},"modified":"2023-06-05T09:11:01","modified_gmt":"2023-06-05T14:11:01","slug":"esmeraldas-en-emergencia-por-inundaciones","status":"publish","type":"post","link":"https:\/\/www.ecuadoraldia.com.ec\/?p=20775","title":{"rendered":"Esmeraldas en emergencia  por inundaciones"},"content":{"rendered":"\n<p>Las fuertes lluvias que cayeron el fin de semana en Esmeraldas han ocasionado varias inundaciones, y deslizamiento de tierra. El COE provincial pide que BanEcuador extienda una l\u00ednea de cr\u00e9dito de emergencia a los agricultores. Son m\u00e1s de 17.000 damnificados por inundaciones &nbsp;y desbordamiento de los r\u00edos.<\/p>\n\n\n\n<p>&nbsp;El 4 de junio, los aguaceros afectaron a la capital de la provincia y otras tres poblaciones: Atacames, Muisne y Quinind\u00e9. Cerca de las 22:00 del domingo, la Secretar\u00eda de Gesti\u00f3n de Riesgos actualiz\u00f3 los datos sobre la emergencia, en un intento por cuantificar la tragedia que vive la provincia.<\/p>\n\n\n\n<p>Hasta el momento, seg\u00fan la entidad, analizadas las cifras, &nbsp;hay un total de 11.750 personas damnificadas, pertenecientes a unas 2.800 familias. Y al menos 16 han sufrido da\u00f1os severos, es decir, han perdido sus viviendas y enseres.<\/p>\n\n\n\n<p>Las lluvias han ocasionado 16 eventos peligros, entre ellos, 14 inundaciones, un deslizamiento, un socavamiento y hasta un vendaval. Otros da\u00f1os en la zona incluyen: 2.800 viviendas afectadas 21 unidades educativas destruidas Cinco centros de salud da\u00f1ados Seis r\u00edos desbordados en Quinind\u00e9, Atacames y Esmeraldas Resoluciones del COE provincial Tras una reuni\u00f3n del Comit\u00e9 de Operaciones de Emergencia (COE) provincial, se resolvieron varias medidas de socorro para los damnificados en Esmeraldas.<\/p>\n\n\n\n<p>Una de ellas es pedir a BanEcuador una l\u00ednea de cr\u00e9dito, para refinanciar las actividades de los agricultores afectados por las inundaciones. Tambi\u00e9n se fijaron seis albergues para asistir a las familias impactadas y un centro de acopio, para recibir la ayuda de cantones cercanos.<\/p>\n\n\n\n<p>Las Fuerzas Armadas desplegaron 500 uniformados, mientras que Polic\u00eda destin\u00f3 110 efectivos. Los estragos fueron tan grandes, que la Alcald\u00eda de Esmeraldas, en su primer balance general luego de que baj\u00f3 el nivel del agua, public\u00f3 esta frase lapidaria: Cientos lo perdieron todo.<\/p>\n\n\n\n<p>La Prefectura coordinar\u00e1 con el Ministerio de Transporte la dotaci\u00f3n de agua a trav\u00e9s de tanqueros, en los lugares m\u00e1s afectados de la provincia.<\/p>\n\n\n\n<p>Varias madres de familia con hijos peque\u00f1os en brazos lloraban al ver como la fuerza de la naturaleza estaba destruyendo lo que con tanto esfuerzo hab\u00edan conseguido durante el paso del tiempo.<\/p>\n\n\n\n<p>En las veredas del sector de los Mangos luc\u00edan llenas de electrodom\u00e9sticos, pertenencias y alimentos de las personas que estaban sacando de sus viviendas para evitar que el agua da\u00f1e lo que con tanto esfuerzo han conseguido.<\/p>\n\n\n\n<p>Seg\u00fan las estad\u00edsticas que se manejan desde el 2018 se tuvieron 20 emergencias de inundaciones en el 2019 se tuvieron 22, en el a\u00f1o 2020 se reportaron 17, en el a\u00f1o 2021 hubieron 13, y en el a\u00f1o 2022 se tuvieron 18 inundaciones.<\/p>\n\n\n\n<p>En el sector de Codesa se pod\u00eda observar el caudal del rio, como ingresaba hasta el sector y en medio del mismo las personas con asombro vieron c\u00f3mo por primera vez observaban este evento en el lugar.<\/p>\n","protected":false},"excerpt":{"rendered":"<p>Las fuertes lluvias que cayeron el fin de semana en Esmeraldas han ocasionado varias inundaciones, y deslizamiento de tierra. El<\/p>\n","protected":false},"author":1,"featured_media":20776,"comment_status":"closed","ping_status":"closed","sticky":false,"template":"","format":"standard","meta":{"footnotes":""},"categories":[11,20,1],"tags":[],"_links":{"self":[{"href":"https:\/\/www.ecuadoraldia.com.ec\/index.php?rest_route=\/wp\/v2\/posts\/20775"}],"collection":[{"href":"https:\/\/www.ecuadoraldia.com.ec\/index.php?rest_route=\/wp\/v2\/posts"}],"about":[{"href":"https:\/\/www.ecuadoraldia.com.ec\/index.php?rest_route=\/wp\/v2\/types\/post"}],"author":[{"embeddable":true,"href":"https:\/\/www.ecuadoraldia.com.ec\/index.php?rest_route=\/wp\/v2\/users\/1"}],"replies":[{"embeddable":true,"href":"https:\/\/www.ecuadoraldia.com.ec\/index.php?rest_route=%2Fwp%2Fv2%2Fcomments&post=20775"}],"version-history":[{"count":1,"href":"https:\/\/www.ecuadoraldia.com.ec\/index.php?rest_route=\/wp\/v2\/posts\/20775\/revisions"}],"predecessor-version":[{"id":20777,"href":"https:\/\/www.ecuadoraldia.com.ec\/index.php?rest_route=\/wp\/v2\/posts\/20775\/revisions\/20777"}],"wp:featuredmedia":[{"embeddable":true,"href":"https:\/\/www.ecuadoraldia.com.ec\/index.php?rest_route=\/wp\/v2\/media\/20776"}],"wp:attachment":[{"href":"https:\/\/www.ecuadoraldia.com.ec\/index.php?rest_route=%2Fwp%2Fv2%2Fmedia&parent=20775"}],"wp:term":[{"taxonomy":"category","embeddable":true,"href":"https:\/\/www.ecuadoraldia.com.ec\/index.php?rest_route=%2Fwp%2Fv2%2Fcategories&post=20775"},{"taxonomy":"post_tag","embeddable":true,"href":"https:\/\/www.ecuadoraldia.com.ec\/index.php?rest_route=%2Fwp%2Fv2%2Ftags&post=20775"}],"curies":[{"name":"wp","href":"https:\/\/api.w.org\/{rel}","templated":true}]}}