{"id":20822,"date":"2023-06-09T16:52:50","date_gmt":"2023-06-09T21:52:50","guid":{"rendered":"https:\/\/www.ecuadoraldia.com.ec\/?p=20822"},"modified":"2023-06-09T16:52:51","modified_gmt":"2023-06-09T21:52:51","slug":"pequenos-productores-de-manabi-son-beneficiados-por-el-mag","status":"publish","type":"post","link":"https:\/\/www.ecuadoraldia.com.ec\/?p=20822","title":{"rendered":"Peque\u00f1os productores de Manab\u00ed son beneficiados por el  MAG"},"content":{"rendered":"\n<p>Manab\u00ed 9 de junio de 2023. Un total de 366 peque\u00f1os productores de Manab\u00ed se benefician con un tractor, t\u00edtulos de propiedad de tierra, insumos agr\u00edcolas, cr\u00e9ditos de BanEcuador e indemnizaciones del seguro agr\u00edcola, entregados por el Ministerio de Agricultura y Ganader\u00eda (MAG), a trav\u00e9s de la Direcci\u00f3n Distrital de esa provincia.<\/p>\n\n\n\n<p>Eduardo Izaguirre Mar\u00edn, ministro de Agricultura y Ganader\u00eda, se\u00f1al\u00f3 que el objetivo de entregar insumos a los peque\u00f1os productores es darles herramientas para que mejoren sus condiciones de vida.&nbsp; \u201cDesde el MAG trazamos acciones y planificamos entregas que sabemos que son necesarias para hacer del campo un lugar rentable\u201d, dijo.<\/p>\n\n\n\n<p>Para fortalecer la mecanizaci\u00f3n agr\u00edcola en el campo, el MAG entreg\u00f3 un tractor y una rastra en beneficio de 200 peque\u00f1os productores de la Asociaci\u00f3n Las Margaritas. El tractor y la rastra, que tienen una inversi\u00f3n de 65 mil 250 d\u00f3lares, servir\u00e1n para que los productores mejoren las labores en el campo, realicen las actividades en menor tiempo y reduzcan los costos de producci\u00f3n.<\/p>\n\n\n\n<p>En el evento tambi\u00e9n se entreg\u00f3 100 t\u00edtulos de propiedad de tierra, para legalizar 155.17 hect\u00e1reas, que brindar\u00e1n a los peque\u00f1os productores seguridad jur\u00eddica sobre la tenencia de sus terrenos y para acceder a los proyectos y programas que desarrolla el Gobierno Nacional. En Manab\u00ed, el Gobierno del Ecuador ha otorgado hasta fecha mil 500 t\u00edtulos de propiedad de tierra.<\/p>\n\n\n\n<p>Adem\u00e1s, por medio del Proyecto Campo Seguro, del MAG, se entregaron dos p\u00f3lizas de indemnizaciones a productores por un monto de 2 mil 966 d\u00f3lares, que servir\u00e1n para que los afectados no pierdan la totalidad de su inversi\u00f3n y vuelvan a sembrar. Durante 2022, en Manab\u00ed se beneficiaron 423 productores con la indemnizaci\u00f3n de 61 mil 026 d\u00f3lares por la afectaci\u00f3n de 893,52 hect\u00e1reas.<\/p>\n\n\n\n<p>El MAG tambi\u00e9n otorg\u00f3 15 paquetes tecnol\u00f3gicos pecuarios, con una inversi\u00f3n de 14 mil 323 d\u00f3lares. Los paquetes contienen siete motoguada\u00f1as, dos picadoras de pasto, dos bidones de leche, dos b\u00e1sculas, y dos bombas nebulizadoras.<\/p>\n\n\n\n<p>Por medio del Proyecto de Urea Subvencionada se entreg\u00f3 sacos de urea para productores de arroz. Estos sacos forman parte de los 10 mil 488 entregados &nbsp;en el Gobierno del Ecuador, beneficiando a 5 mil 262 productores manabitas, con una inversi\u00f3n de un mill\u00f3n 536 mil 908 d\u00f3lares.<\/p>\n\n\n\n<p>A trav\u00e9s de Agrocalidad, instituci\u00f3n adscrita al Ministerio de Agricultura y Ganader\u00eda, se entreg\u00f3 un certificado de predio libre de tuberculosis y brucelosis y 11 certificados de predios libres de mosca de la fruta.<\/p>\n\n\n\n<p>BanEcuador, tambi\u00e9n benefici\u00f3 al sector productivo de la provincia con 5 cr\u00e9ditos 1X30, por un monto total de 43 mil 500 d\u00f3lares que beneficiar\u00e1n de manera directa e indirecta a 40 familias.<\/p>\n\n\n\n<p>El Ministerio de Agricultura y Ganader\u00eda trabaja para brindar asistencias, capacitaciones y proveer de insumos a los peque\u00f1os productores del pa\u00eds; y as\u00ed, cambiar la realidad del campo ecuatoriano.<\/p>\n\n\n\n<figure class=\"wp-block-image size-large\"><a href=\"https:\/\/www.ecuadoraldia.com.ec\/wp-content\/uploads\/2023\/06\/MAG-2.jpg\"><img loading=\"lazy\" decoding=\"async\" width=\"1024\" height=\"682\" src=\"https:\/\/www.ecuadoraldia.com.ec\/wp-content\/uploads\/2023\/06\/MAG-2-1024x682.jpg\" alt=\"\" class=\"wp-image-20824\" srcset=\"https:\/\/www.ecuadoraldia.com.ec\/wp-content\/uploads\/2023\/06\/MAG-2-1024x682.jpg 1024w, https:\/\/www.ecuadoraldia.com.ec\/wp-content\/uploads\/2023\/06\/MAG-2-300x200.jpg 300w, https:\/\/www.ecuadoraldia.com.ec\/wp-content\/uploads\/2023\/06\/MAG-2-768x512.jpg 768w, https:\/\/www.ecuadoraldia.com.ec\/wp-content\/uploads\/2023\/06\/MAG-2.jpg 1280w\" sizes=\"(max-width: 1024px) 100vw, 1024px\" \/><\/a><\/figure>\n","protected":false},"excerpt":{"rendered":"<p>Manab\u00ed 9 de junio de 2023. Un total de 366 peque\u00f1os productores de Manab\u00ed se benefician con un tractor, t\u00edtulos<\/p>\n","protected":false},"author":1,"featured_media":20823,"comment_status":"closed","ping_status":"closed","sticky":false,"template":"","format":"standard","meta":{"footnotes":""},"categories":[9,11,3,1],"tags":[],"_links":{"self":[{"href":"https:\/\/www.ecuadoraldia.com.ec\/index.php?rest_route=\/wp\/v2\/posts\/20822"}],"collection":[{"href":"https:\/\/www.ecuadoraldia.com.ec\/index.php?rest_route=\/wp\/v2\/posts"}],"about":[{"href":"https:\/\/www.ecuadoraldia.com.ec\/index.php?rest_route=\/wp\/v2\/types\/post"}],"author":[{"embeddable":true,"href":"https:\/\/www.ecuadoraldia.com.ec\/index.php?rest_route=\/wp\/v2\/users\/1"}],"replies":[{"embeddable":true,"href":"https:\/\/www.ecuadoraldia.com.ec\/index.php?rest_route=%2Fwp%2Fv2%2Fcomments&post=20822"}],"version-history":[{"count":1,"href":"https:\/\/www.ecuadoraldia.com.ec\/index.php?rest_route=\/wp\/v2\/posts\/20822\/revisions"}],"predecessor-version":[{"id":20825,"href":"https:\/\/www.ecuadoraldia.com.ec\/index.php?rest_route=\/wp\/v2\/posts\/20822\/revisions\/20825"}],"wp:featuredmedia":[{"embeddable":true,"href":"https:\/\/www.ecuadoraldia.com.ec\/index.php?rest_route=\/wp\/v2\/media\/20823"}],"wp:attachment":[{"href":"https:\/\/www.ecuadoraldia.com.ec\/index.php?rest_route=%2Fwp%2Fv2%2Fmedia&parent=20822"}],"wp:term":[{"taxonomy":"category","embeddable":true,"href":"https:\/\/www.ecuadoraldia.com.ec\/index.php?rest_route=%2Fwp%2Fv2%2Fcategories&post=20822"},{"taxonomy":"post_tag","embeddable":true,"href":"https:\/\/www.ecuadoraldia.com.ec\/index.php?rest_route=%2Fwp%2Fv2%2Ftags&post=20822"}],"curies":[{"name":"wp","href":"https:\/\/api.w.org\/{rel}","templated":true}]}}