{"id":21030,"date":"2023-06-30T14:23:17","date_gmt":"2023-06-30T19:23:17","guid":{"rendered":"https:\/\/www.ecuadoraldia.com.ec\/?p=21030"},"modified":"2023-06-30T14:23:18","modified_gmt":"2023-06-30T19:23:18","slug":"metro-de-quito-cinco-meses-mas-de-espera-para-operar","status":"publish","type":"post","link":"https:\/\/www.ecuadoraldia.com.ec\/?p=21030","title":{"rendered":"Metro de Quito cinco meses m\u00e1s de espera para operar"},"content":{"rendered":"\n<p>Quito viernes 30 de junio de&nbsp; 2023. Hay una nueva fecha para el funcionamiento del Metro de Quito. V\u00edctor Hugo Villacr\u00e9s, gerente, se\u00f1al\u00f3 que el 1 de diciembre de este a\u00f1o &nbsp;operar\u00e1 el Metro y estar\u00e1 activo por 15 horas y ya no por cuatro horas como se hizo en abril de 2022. .<\/p>\n\n\n\n<p>Villacr\u00e9s se\u00f1al\u00f3 que para ese d\u00eda estar\u00e1n habilitadas todas las paradas y ser\u00e1n funcionales al 100%, es decir, que las gradas el\u00e9ctricas, las jardineras y otros espacios estar\u00e1n listos.<\/p>\n\n\n\n<p>Lo que pase en diciembre ser\u00e1 una primera fase de operaci\u00f3n, pues, se estima que de manera integral, el Metro funcione a mediados de 2024. Para esa fecha, estima el alcalde Pabel Mu\u00f1oz, se pondr\u00eda en marcha la activaci\u00f3n y circulaci\u00f3n de una tarjeta ciudad que sea recargable y permita as\u00ed pagar el pasaje.<\/p>\n\n\n\n<p>El funcionario se\u00f1al\u00f3 que solo seis de los 18 trenes del Metro han hecho pruebas, por lo que se estima que paga octubre de este a\u00f1o est\u00e9n \u201ctodo probados\u201d.<\/p>\n\n\n\n<p>Sobre la reestructuraci\u00f3n de rutas y frecuencias, el alcalde Mu\u00f1oz afirm\u00f3 que el 15 de julio habr\u00e1 una reuni\u00f3n con los transportistas y se marcar\u00e1 una hoja de ruta.<\/p>\n\n\n\n<p>Mu\u00f1oz se\u00f1al\u00f3 que hasta el momento no se ha hecho la marcha en blanco que es hacer funcionar todo el sistema al mismo tiempo y&nbsp; determinar si la funcionalidad es total.<\/p>\n\n\n\n<p>Tras las explicaciones sobre los trabajos pendientes en el sistema de transporte m\u00e1s moderno del pa\u00eds y la obra m\u00e1s cara de Quito, Villacr\u00e9s y Mu\u00f1oz informaron que la nueva fecha para la operaci\u00f3n es la primera semana de diciembre de 2023.<\/p>\n\n\n\n<p>El horario comercial ser\u00e1 desde las 06:00 hasta las 22:00. \u00abLa inauguraci\u00f3n definitiva ser\u00e1 en junio de 2024\u00bb, agreg\u00f3 Mu\u00f1oz.<\/p>\n","protected":false},"excerpt":{"rendered":"<p>Quito viernes 30 de junio de&nbsp; 2023. Hay una nueva fecha para el funcionamiento del Metro de Quito. V\u00edctor Hugo<\/p>\n","protected":false},"author":1,"featured_media":21031,"comment_status":"closed","ping_status":"closed","sticky":false,"template":"","format":"standard","meta":{"footnotes":""},"categories":[9,14,4],"tags":[],"_links":{"self":[{"href":"https:\/\/www.ecuadoraldia.com.ec\/index.php?rest_route=\/wp\/v2\/posts\/21030"}],"collection":[{"href":"https:\/\/www.ecuadoraldia.com.ec\/index.php?rest_route=\/wp\/v2\/posts"}],"about":[{"href":"https:\/\/www.ecuadoraldia.com.ec\/index.php?rest_route=\/wp\/v2\/types\/post"}],"author":[{"embeddable":true,"href":"https:\/\/www.ecuadoraldia.com.ec\/index.php?rest_route=\/wp\/v2\/users\/1"}],"replies":[{"embeddable":true,"href":"https:\/\/www.ecuadoraldia.com.ec\/index.php?rest_route=%2Fwp%2Fv2%2Fcomments&post=21030"}],"version-history":[{"count":1,"href":"https:\/\/www.ecuadoraldia.com.ec\/index.php?rest_route=\/wp\/v2\/posts\/21030\/revisions"}],"predecessor-version":[{"id":21032,"href":"https:\/\/www.ecuadoraldia.com.ec\/index.php?rest_route=\/wp\/v2\/posts\/21030\/revisions\/21032"}],"wp:featuredmedia":[{"embeddable":true,"href":"https:\/\/www.ecuadoraldia.com.ec\/index.php?rest_route=\/wp\/v2\/media\/21031"}],"wp:attachment":[{"href":"https:\/\/www.ecuadoraldia.com.ec\/index.php?rest_route=%2Fwp%2Fv2%2Fmedia&parent=21030"}],"wp:term":[{"taxonomy":"category","embeddable":true,"href":"https:\/\/www.ecuadoraldia.com.ec\/index.php?rest_route=%2Fwp%2Fv2%2Fcategories&post=21030"},{"taxonomy":"post_tag","embeddable":true,"href":"https:\/\/www.ecuadoraldia.com.ec\/index.php?rest_route=%2Fwp%2Fv2%2Ftags&post=21030"}],"curies":[{"name":"wp","href":"https:\/\/api.w.org\/{rel}","templated":true}]}}