{"id":21033,"date":"2023-06-30T14:43:05","date_gmt":"2023-06-30T19:43:05","guid":{"rendered":"https:\/\/www.ecuadoraldia.com.ec\/?p=21033"},"modified":"2023-06-30T14:43:08","modified_gmt":"2023-06-30T19:43:08","slug":"banecuador-inicia-embargos-y-remates-de-bienes-de-grandes-deudores","status":"publish","type":"post","link":"https:\/\/www.ecuadoraldia.com.ec\/?p=21033","title":{"rendered":"Banecuador inicia embargos y remates de bienes de grandes deudores"},"content":{"rendered":"\n<p>junio 30, 2023. El banco p\u00fablico busca recuperar deudas de m\u00e1s de 5 a\u00f1os y por montos superiores a los $20.000.<\/p>\n\n\n\n<p>BanEcuador implement\u00f3 el proceso de embargo para grandes deudores que mantienen deudas pendientes con la instituci\u00f3n desde hace m\u00e1s de 5 a\u00f1os.<\/p>\n\n\n\n<p>Seg\u00fan el banco p\u00fablico, estos son grandes deudores que \u00abaprovech\u00e1ndose del cr\u00e9dito de la banca p\u00fablica y sin hacer frente a sus pagos, ocasionaron que se disminuya el monto de colocaci\u00f3n de m\u00e1s recursos a peque\u00f1os emprendedores\u00bb.<\/p>\n\n\n\n<p>Se est\u00e1 buscando cobrar deudas vencidas de m\u00e1s de $ 20.000, cuyos responsables no han respondido a ninguna de las gestiones realizadas a la fecha. Por eso, se ha decidido tomar medidas legales como coactiva y embargo.<\/p>\n\n\n\n<p>A la par, se implement\u00f3 el portal de remates en l\u00ednea de los bienes embargados. Los remates se har\u00e1n entre el 6 y el 20 de julio de 2023. Se incluyen bienes inmuebles y terrenos en cinco provincias: Manab\u00ed, Sucumb\u00edos, Chimborazo, Guayas y Azuay. Los valores del aval\u00fao van desde los $ 7.000 hasta los $ 800.000.<\/p>\n\n\n\n<p>Emprendedores peque\u00f1os y medianos no est\u00e1n incluidos en los embargos<\/p>\n\n\n\n<p>En este sentido, las acciones no afectan a los micro, peque\u00f1os y medianos emprendedores que se han visto afectados por la pandemia y las condiciones clim\u00e1ticas.<\/p>\n\n\n\n<p>Para este tipo de clientes, Banecuador segura que se seguir\u00e1n ofreciendo productos como los cr\u00e9ditos 1% a 30 a\u00f1os y los cr\u00e9ditos al 5%. Asimismo, se mantendr\u00e1n disponibles facilidades de pago como alivio financiero.<\/p>\n\n\n\n<p>\u00abEl 90% de nuestros cr\u00e9ditos est\u00e1n dirigidos a clientes entre $1- $20,000 quienes de ninguna manera se ver\u00e1n afectados con esta medida que se lleva a cabo bajo estrictos par\u00e1metros legales y con total transparencia\u00bb, dice el banco p\u00fablico<\/p>\n\n\n\n<p>Banecuador pidi\u00f3 que los clientes y la ciudadan\u00eda en general se informen de los procesos de cobro, y los productos de cr\u00e9dito que se ofrecen, por las redes oficiales de la entidad y \u00abno dejarse enga\u00f1ar por actores pol\u00edticos que pretenden generar caos y desinformaci\u00f3n, sorprendiendo a quienes de manera comprometida han tomado con responsabilidad sus cr\u00e9ditos con esta instituci\u00f3n\u00bb.<\/p>\n","protected":false},"excerpt":{"rendered":"<p>junio 30, 2023. El banco p\u00fablico busca recuperar deudas de m\u00e1s de 5 a\u00f1os y por montos superiores a los<\/p>\n","protected":false},"author":1,"featured_media":21034,"comment_status":"closed","ping_status":"closed","sticky":false,"template":"","format":"standard","meta":{"footnotes":""},"categories":[9,11,1],"tags":[],"_links":{"self":[{"href":"https:\/\/www.ecuadoraldia.com.ec\/index.php?rest_route=\/wp\/v2\/posts\/21033"}],"collection":[{"href":"https:\/\/www.ecuadoraldia.com.ec\/index.php?rest_route=\/wp\/v2\/posts"}],"about":[{"href":"https:\/\/www.ecuadoraldia.com.ec\/index.php?rest_route=\/wp\/v2\/types\/post"}],"author":[{"embeddable":true,"href":"https:\/\/www.ecuadoraldia.com.ec\/index.php?rest_route=\/wp\/v2\/users\/1"}],"replies":[{"embeddable":true,"href":"https:\/\/www.ecuadoraldia.com.ec\/index.php?rest_route=%2Fwp%2Fv2%2Fcomments&post=21033"}],"version-history":[{"count":1,"href":"https:\/\/www.ecuadoraldia.com.ec\/index.php?rest_route=\/wp\/v2\/posts\/21033\/revisions"}],"predecessor-version":[{"id":21035,"href":"https:\/\/www.ecuadoraldia.com.ec\/index.php?rest_route=\/wp\/v2\/posts\/21033\/revisions\/21035"}],"wp:featuredmedia":[{"embeddable":true,"href":"https:\/\/www.ecuadoraldia.com.ec\/index.php?rest_route=\/wp\/v2\/media\/21034"}],"wp:attachment":[{"href":"https:\/\/www.ecuadoraldia.com.ec\/index.php?rest_route=%2Fwp%2Fv2%2Fmedia&parent=21033"}],"wp:term":[{"taxonomy":"category","embeddable":true,"href":"https:\/\/www.ecuadoraldia.com.ec\/index.php?rest_route=%2Fwp%2Fv2%2Fcategories&post=21033"},{"taxonomy":"post_tag","embeddable":true,"href":"https:\/\/www.ecuadoraldia.com.ec\/index.php?rest_route=%2Fwp%2Fv2%2Ftags&post=21033"}],"curies":[{"name":"wp","href":"https:\/\/api.w.org\/{rel}","templated":true}]}}