{"id":21036,"date":"2023-07-03T07:50:16","date_gmt":"2023-07-03T12:50:16","guid":{"rendered":"http:\/\/www.ecuadoraldia.com.ec\/?p=21036"},"modified":"2023-07-03T13:31:56","modified_gmt":"2023-07-03T18:31:56","slug":"quito-se-llena-de-color-y-diversidad","status":"publish","type":"post","link":"https:\/\/www.ecuadoraldia.com.ec\/?p=21036","title":{"rendered":"Quito se llen\u00f3 de color y diversidad"},"content":{"rendered":"\n<p><em>Por: Alisson Sol\u00eds.<\/em><\/p>\n\n\n\n<p>El s\u00e1bado 1 de julio se realiz\u00f3 la marcha por orgullo LGBTQI+ en Quito. Esta inici\u00f3 pasadas las 15h00, en las avenidas Amazonas y Col\u00f3n. Sin embargo, muchas personas ya se hab\u00edan concentrado minutos antes para coordinar su participaci\u00f3n.<\/p>\n\n\n\n<p>Antes de comenzar, ya se pod\u00eda escuchar m\u00fasica alegre y ver la colorida bandera que identifica a toda esta comunidad, as\u00ed como las que simboliza la lucha de grupos como los: homosexual, bisexuales, trans, pansexuales, entre otros.<\/p>\n\n\n\n<p>Una vez que todo estuvo listo el desfile comenz\u00f3. Hermosos carros aleg\u00f3rico y chivas adornadas majestuosamente con globos de los colores del arco\u00edris abrieron camino a todos los asistentes. Esto mientras en su interior varias personas trans y Drag Queen bailaban al ritmo de canciones que son ic\u00f3nicas para esta comunidad, entre ellas, Judas y Bad Romance de Lady Ganga, Dragostea din tei de O\u2019zone, I want to break free de Queen, etc.<\/p>\n\n\n\n<p>En el recorrido, que se produjo por todo la Avenida Amazonas hasta llegar a la Avenida Patria, se pudo observar personas realizando Drag, otras con letrero con leyendas como: \u201cLa vida es muy corta para ser h\u00e9tero\u201d, algunas vestidas como la realeza egipcia. Tambi\u00e9n gente que acompa\u00f1o a sus familiares como muestra de apoyo. Algunas con carteles que dec\u00edan: \u201cse dan abrazos de mam\u00e1\u201d \u00ad.<\/p>\n\n\n\n<p><strong>Una lucha de derechos<\/strong><\/p>\n\n\n\n<p>Tambi\u00e9n se pudo observar a las y los asistentes gritar consignas en apoyo a los miembros de la comunidad que hicieron posible la realizaci\u00f3n del evento, as\u00ed como para aquellos que lucharon para que, esta comunidad, pueda ser libres de mostrarse tal y como son, sin sentir represi\u00f3n o rechazo.<\/p>\n\n\n\n<p>\u201cNos sentimos muy bien en este desfile, pero no podemos dar nuestros nombres porque nuestros padres no sabes que somos de esta comunidad\u201d, comentaron varios j\u00f3venes asistentes mientras caminaban hacia el edificio de la Casa de la Cultura donde se producir\u00eda el final del colorido encuentro.&nbsp;<\/p>\n\n\n\n<p>Dentro del desfile tambi\u00e9n se pod\u00edan ver a los comerciantes, vendiendo banderas, bebidas, dulces, etc. Al mismo tiempo se pod\u00eda observar como las personas que no perecen a la comunidad y, que se encontraban por el sector, ve\u00edan con curiosidad a todos aquellos que formaban parte del desfile.<\/p>\n\n\n\n<p>Finalmente, la marcha lleg\u00f3 a su destino final. Aqu\u00ed, las personas empezaron a entrar a el \u00c1gora de la Casa de la Cultura donde se iba a realizar un concierto musical. Mientras otras comenzaron a retirarse a sus domicilios.<\/p>\n\n\n\n<p>Este d\u00eda estuvo lleno de color y aceptaci\u00f3n hacia la diversidad dentro de la capital.<\/p>\n","protected":false},"excerpt":{"rendered":"<p>Por: Alisson Sol\u00eds. El s\u00e1bado 1 de julio se realiz\u00f3 la marcha por orgullo LGBTQI+ en Quito. Esta inici\u00f3 pasadas<\/p>\n","protected":false},"author":1,"featured_media":21037,"comment_status":"closed","ping_status":"closed","sticky":false,"template":"","format":"standard","meta":{"footnotes":""},"categories":[14,4,20,1],"tags":[],"_links":{"self":[{"href":"https:\/\/www.ecuadoraldia.com.ec\/index.php?rest_route=\/wp\/v2\/posts\/21036"}],"collection":[{"href":"https:\/\/www.ecuadoraldia.com.ec\/index.php?rest_route=\/wp\/v2\/posts"}],"about":[{"href":"https:\/\/www.ecuadoraldia.com.ec\/index.php?rest_route=\/wp\/v2\/types\/post"}],"author":[{"embeddable":true,"href":"https:\/\/www.ecuadoraldia.com.ec\/index.php?rest_route=\/wp\/v2\/users\/1"}],"replies":[{"embeddable":true,"href":"https:\/\/www.ecuadoraldia.com.ec\/index.php?rest_route=%2Fwp%2Fv2%2Fcomments&post=21036"}],"version-history":[{"count":3,"href":"https:\/\/www.ecuadoraldia.com.ec\/index.php?rest_route=\/wp\/v2\/posts\/21036\/revisions"}],"predecessor-version":[{"id":21047,"href":"https:\/\/www.ecuadoraldia.com.ec\/index.php?rest_route=\/wp\/v2\/posts\/21036\/revisions\/21047"}],"wp:featuredmedia":[{"embeddable":true,"href":"https:\/\/www.ecuadoraldia.com.ec\/index.php?rest_route=\/wp\/v2\/media\/21037"}],"wp:attachment":[{"href":"https:\/\/www.ecuadoraldia.com.ec\/index.php?rest_route=%2Fwp%2Fv2%2Fmedia&parent=21036"}],"wp:term":[{"taxonomy":"category","embeddable":true,"href":"https:\/\/www.ecuadoraldia.com.ec\/index.php?rest_route=%2Fwp%2Fv2%2Fcategories&post=21036"},{"taxonomy":"post_tag","embeddable":true,"href":"https:\/\/www.ecuadoraldia.com.ec\/index.php?rest_route=%2Fwp%2Fv2%2Ftags&post=21036"}],"curies":[{"name":"wp","href":"https:\/\/api.w.org\/{rel}","templated":true}]}}