{"id":2161,"date":"2014-05-03T15:50:34","date_gmt":"2014-05-03T15:50:34","guid":{"rendered":"http:\/\/www.ecuadoraldia.com.ec\/?p=2161"},"modified":"2014-05-03T15:50:34","modified_gmt":"2014-05-03T15:50:34","slug":"la-libertad-de-prensa-no-es-libertad-de-presion","status":"publish","type":"post","link":"https:\/\/www.ecuadoraldia.com.ec\/?p=2161","title":{"rendered":"La libertad de prensa no es libertad de presi\u00f3n"},"content":{"rendered":"<p><a href=\"http:\/\/www.ecuadoraldia.com.ec\/wp-content\/uploads\/2014\/05\/Freedom-House-l.jpg\"><img loading=\"lazy\" decoding=\"async\" src=\"http:\/\/www.ecuadoraldia.com.ec\/wp-content\/uploads\/2014\/05\/Freedom-House-l-300x142.jpg\" alt=\"Freedom-House-l\" width=\"300\" height=\"142\" class=\"alignleft size-medium wp-image-2162\" srcset=\"https:\/\/www.ecuadoraldia.com.ec\/wp-content\/uploads\/2014\/05\/Freedom-House-l-300x142.jpg 300w, https:\/\/www.ecuadoraldia.com.ec\/wp-content\/uploads\/2014\/05\/Freedom-House-l.jpg 633w\" sizes=\"(max-width: 300px) 100vw, 300px\" \/><\/a>La organizaci\u00f3n Freedom House (FH) ha vuelto por sus fueros: valorar la libertad de prensa bajo par\u00e1metros absolutamente tendenciosos y sin considerar la realidad, particularmente de los pa\u00edses de Am\u00e9rica Latina. Todo lo hace desde una \u00f3ptica occidentalista y extremadamente capitalista.<\/p>\n<p>Para esta entidad, pa\u00edses como Inglaterra o Francia -en donde hay regulaciones para la prensa-, tienen absoluta libertad y cuentan con su benepl\u00e1cito. No as\u00ed naciones como Ecuador o Venezuela.<\/p>\n<p>Entre sus argumentos para se\u00f1alar la ausencia de libertad de prensa est\u00e1: atacar periodistas, impedir su trabajo, censurar el contenido, despedir a periodistas por motivos pol\u00edticos. \u00bfEso ocurre en Ecuador? \u00bfGremios como la UNP o diarios como La Hora podr\u00e1n defender en sus panfletos o portadas esa realidad como la prueba de sus aportes a los informes de FH?<\/p>\n<p>Ninguna de esas entidades ni los medios que reproducen esas supuestas investigaciones podr\u00e1n legitimarlas con hechos comprobados. Si lo hacen, comprometen su propia credibilidad. Es muy dif\u00edcil explicar c\u00f3mo se publica un documento cargado de datos falsos, de investigaciones espurias y con un enorme enfoque ideol\u00f3gico.<\/p>\n<p>Ecuador es testigo de qu\u00e9 ocurre con los medios nacionales, en particular con algunos privados y comerciales: son aparatos de presi\u00f3n pol\u00edtica con agendas corporativas. Y si creen que tienen derecho, que se declaren actores pol\u00edticos, y no v\u00edctimas de una supuesta falta de libertad de prensa, como proclama FH.<\/p>\n","protected":false},"excerpt":{"rendered":"<p>La organizaci\u00f3n Freedom House (FH) ha vuelto por sus fueros: valorar la libertad de prensa bajo par\u00e1metros absolutamente tendenciosos y<\/p>\n","protected":false},"author":1,"featured_media":0,"comment_status":"open","ping_status":"open","sticky":false,"template":"","format":"standard","meta":{"footnotes":""},"categories":[3],"tags":[],"_links":{"self":[{"href":"https:\/\/www.ecuadoraldia.com.ec\/index.php?rest_route=\/wp\/v2\/posts\/2161"}],"collection":[{"href":"https:\/\/www.ecuadoraldia.com.ec\/index.php?rest_route=\/wp\/v2\/posts"}],"about":[{"href":"https:\/\/www.ecuadoraldia.com.ec\/index.php?rest_route=\/wp\/v2\/types\/post"}],"author":[{"embeddable":true,"href":"https:\/\/www.ecuadoraldia.com.ec\/index.php?rest_route=\/wp\/v2\/users\/1"}],"replies":[{"embeddable":true,"href":"https:\/\/www.ecuadoraldia.com.ec\/index.php?rest_route=%2Fwp%2Fv2%2Fcomments&post=2161"}],"version-history":[{"count":1,"href":"https:\/\/www.ecuadoraldia.com.ec\/index.php?rest_route=\/wp\/v2\/posts\/2161\/revisions"}],"predecessor-version":[{"id":2163,"href":"https:\/\/www.ecuadoraldia.com.ec\/index.php?rest_route=\/wp\/v2\/posts\/2161\/revisions\/2163"}],"wp:attachment":[{"href":"https:\/\/www.ecuadoraldia.com.ec\/index.php?rest_route=%2Fwp%2Fv2%2Fmedia&parent=2161"}],"wp:term":[{"taxonomy":"category","embeddable":true,"href":"https:\/\/www.ecuadoraldia.com.ec\/index.php?rest_route=%2Fwp%2Fv2%2Fcategories&post=2161"},{"taxonomy":"post_tag","embeddable":true,"href":"https:\/\/www.ecuadoraldia.com.ec\/index.php?rest_route=%2Fwp%2Fv2%2Ftags&post=2161"}],"curies":[{"name":"wp","href":"https:\/\/api.w.org\/{rel}","templated":true}]}}