{"id":2164,"date":"2014-05-03T15:52:22","date_gmt":"2014-05-03T15:52:22","guid":{"rendered":"http:\/\/www.ecuadoraldia.com.ec\/?p=2164"},"modified":"2014-05-03T15:52:22","modified_gmt":"2014-05-03T15:52:22","slug":"nadie-conoce-en-que-se-baso-freedom-house","status":"publish","type":"post","link":"https:\/\/www.ecuadoraldia.com.ec\/?p=2164","title":{"rendered":"Nadie conoce en qu\u00e9 se bas\u00f3 Freedom House."},"content":{"rendered":"<p><a href=\"http:\/\/www.ecuadoraldia.com.ec\/wp-content\/uploads\/2014\/05\/FreedomMap.jpg\"><img loading=\"lazy\" decoding=\"async\" src=\"http:\/\/www.ecuadoraldia.com.ec\/wp-content\/uploads\/2014\/05\/FreedomMap-300x177.jpg\" alt=\"FreedomMap\" width=\"300\" height=\"177\" class=\"alignleft size-medium wp-image-2165\" srcset=\"https:\/\/www.ecuadoraldia.com.ec\/wp-content\/uploads\/2014\/05\/FreedomMap-300x177.jpg 300w, https:\/\/www.ecuadoraldia.com.ec\/wp-content\/uploads\/2014\/05\/FreedomMap.jpg 980w\" sizes=\"(max-width: 300px) 100vw, 300px\" \/><\/a>La organizaci\u00f3n asegura que en Ecuador no hay garant\u00edas para ejercer el periodismo. El mismo reporte es reproducido en la portada de diario La Hora y en otros medios de comunicaci\u00f3n sin ning\u00fan problema.<br \/>\nRedacci\u00f3n Pol\u00edtica<\/p>\n<p>La organizaci\u00f3n estadounidense Freedom House public\u00f3 su \u00faltimo informe sobre el nivel de la libertad de prensa en el mundo. En ella se refiere a Ecuador como un pa\u00eds donde no existe este derecho.<\/p>\n<p>Freedom House, que es financiada, en su mayor parte, por el gobierno norteamericano a trav\u00e9s de la Agencia de los Estados Unidos para el Desarrollo Internacional (Usaid), publica sus reportes previo a la conmemoraci\u00f3n del D\u00eda Mundial de la Libertad de Prensa, que se celebra hoy, 3 de mayo.<\/p>\n<p>En su informe del a\u00f1o pasado Freedom House hab\u00eda calificado a Ecuador como un pa\u00eds con una prensa parcialmente libre, pero ahora lo ubica junto con M\u00e9xico, Honduras, Venezuela y Cuba entre los pa\u00edses latinoamericanos que carecen de libertad de prensa.<\/p>\n<p>Ese informe ha sido publicado incluso en portada de medios de comunicaci\u00f3n impresos del pa\u00eds de car\u00e1cter privado, como La Hora.<\/p>\n<p>Freedom House considera que la libertad de prensa en todo el mundo ha ca\u00eddo a su nivel m\u00e1s bajo en una d\u00e9cada, incluido el deterioro para los medios en Estados Unidos.<\/p>\n<p>Sin embargo, se contradice en el mapa mundial cuando pinta a la naci\u00f3n norteamericana de color verde que significa prensa libre, al igual que Australia, Canad\u00e1, Costa Rica, la mayor parte de Europa, Israel, Jap\u00f3n y Uruguay.<\/p>\n<p>De los 197 pa\u00edses y territorios evaluados por Freedom House durante 2013, el 32% qued\u00f3 en la categor\u00eda de \u201clibres\u201d, el 35% como \u201cparcialmente libres\u201d y el 33% en la de pa\u00edses \u201csin libertad\u201d. En este \u00faltimo grupo figura Ecuador.<\/p>\n<p>Freedom House argumenta que en el pa\u00eds el deterioro aument\u00f3 con la expedici\u00f3n de nuevas leyes y regulaciones que afectan a la prensa. Esto en relaci\u00f3n a la Ley Org\u00e1nica de Comunicaci\u00f3n, que fue aprobada a inicios de este a\u00f1o y que garantiza la libertad de expresi\u00f3n, al igual que la Constituci\u00f3n.<\/p>\n<p>Para Roberto Wolhgemuth, miembro del Consejo de Regulaci\u00f3n de la Informaci\u00f3n y Comunicaci\u00f3n (Cordicom), son claros los intereses a los que responde la Organizaci\u00f3n No Gubernamental, al emitir un documento del cual se desconoce qu\u00e9 metodolog\u00eda aplic\u00f3, adem\u00e1s de recordar c\u00f3mo es financiada.<\/p>\n<p>\u201cEstamos viendo que tiene un presupuesto que declaran que es de alrededor de 46 millones de d\u00f3lares, de los cuales 40 millones son financiados por el gobiernos de Estados Unidos\u201d, manifiesta el funcionario.<br \/>\nEnfatiza que la calificaci\u00f3n no responde a la realidad. \u201cLo m\u00e1s interesante es que vemos al diario La Hora, de hoy (ayer), que publica en su portada que en Ecuador no hay libertad de prensa, \u00bfen qu\u00e9 pa\u00eds del mundo un diario donde supuestamente no hay libertad de prensa puede publicar este titular?\u201d.<\/p>\n<p>De all\u00ed que considera que el resultado de sus informes no sorprenden, adem\u00e1s de que carecen de sustento o metodolog\u00eda, incluso se desconoce con qu\u00e9 personas ha conversado para emitir el resultado.<br \/>\nPero advierte de que se trata de una campa\u00f1a de desprestigio contra el pa\u00eds, sobre todo de organizaciones y grupos de poder de Estados Unidos, por tanto no descarta la posibilidad de armar una estrategia para contrarrestar el informe.<\/p>\n<p>Una de esas estrategias ser\u00eda efectuar una invitaci\u00f3n abierta a esta organizaci\u00f3n para que constate c\u00f3mo se manejan los medios en el pa\u00eds, como ocurri\u00f3 con Reporteros sin Fronteras, que tuvo la oportunidad de conversar con los miembros de Cordicom y de la Secretar\u00eda de Comunicaci\u00f3n.<\/p>\n<p>\u201cNo tiene relevancia este informe, tal vez s\u00ed para ciertos medios de comunicaci\u00f3n privados que quieren posicionar a nivel internacional la idea de que aqu\u00ed no hay libertad de prensa lo cual es absolutamente falso\u201d, sostiene Wolhgemuth.<\/p>\n<p>Las cr\u00edticas al informe tambi\u00e9n provienen de gremios period\u00edsticos locales. Para Washington Vizuete, presidente de la Uni\u00f3n Nacional de Periodistas, n\u00facleo del Guayas (UNP), se trata de un informe m\u00e1s bien de car\u00e1cter pol\u00edtico que busca estigmatizar al Ecuador.<\/p>\n<p>\u201cConocimos este informe y lo tomamos como algo de car\u00e1cter pol\u00edtico y es generalizado, porque si usted ve esa informaci\u00f3n observar\u00e1 que hay pa\u00edses en el mundo con mala calificaci\u00f3n y que est\u00e1n en la l\u00ednea contraria a Estados Unidos\u201d.<\/p>\n<p>En efecto, la lista Freedom House considera que pa\u00edses como Bielorrusia, Cuba, Ir\u00e1n, Venezuela, entre otros carecen de prensa libre. Sobre Venezuela, indica la organizaci\u00f3n, que el presidente Nicol\u00e1s Maduro mantuvo \u201clos esfuerzos de su predecesor, Hugo Ch\u00e1vez, para controlar a la prensa\u201d.<\/p>\n<p>Contrario a ello Vizuete afirma que la libertad de expresi\u00f3n y de prensa est\u00e1 garantizada en el pa\u00eds, ya que con la Ley de Comunicaci\u00f3n y la Constituci\u00f3n los medios trabajan dentro de un marco normativo.<\/p>\n<p>\u201cNo hemos acogido ese informe porque trata de denigrar a pa\u00edses que no est\u00e1n con la l\u00ednea neoliberal en general\u201d, recalca el dirigente gremial.<\/p>\n<p>Recuerda que los derechos tambi\u00e9n son de la ciudadan\u00eda que debe recibir informaci\u00f3n de calidad, por eso considera que es un informe m\u00e1s de los tantos que han hecho para manejar pol\u00edticamente el tema, tratando de estigmatizar al Ecuador.<\/p>\n<p>Hoy habr\u00e1 actos en Guayaquil y Quito por el D\u00eda de la Libertad de Expresi\u00f3n organizados por gremios period\u00edsticos.<\/p>\n<p>Datos<\/p>\n<p>Freedom House sostiene que desde el a\u00f1o 2007 (en que el presidente Rafael Correa inici\u00f3 su gesti\u00f3n) Ecuador tiene serios problemas en materia de libertad de expresi\u00f3n.<\/p>\n<p>El 28 de octubre de 2011 organiz\u00f3 en Washington un conversatorio en el que particip\u00f3 C\u00e9sar Ricaurte, de Fundamedios; Carlos Correa, de la fundaci\u00f3n Espacio P\u00fablico de Venezuela; Carlos Lauria Serra, de la Comisi\u00f3n para la Protecci\u00f3n de los Periodistas en las Am\u00e9ricas; y Andr\u00e9s Morales, de la Fundaci\u00f3n para la Libertad de Prensa de Colombia.<\/p>\n<p>La directora para Am\u00e9rica Latina de la organizaci\u00f3n, Viviana Giacaman, hizo un llamado el 7 de mayo de 2011 a la comunidad internacional para que act\u00fae en favor de salvaguardar la democracia y los derechos humanos en Ecuador que supuestamente estaban amenazados y vulnerados. Esto en referencia a la consulta popular que convoc\u00f3 el Gobierno.(Tel\u00e9grafo)<\/p>\n","protected":false},"excerpt":{"rendered":"<p>La organizaci\u00f3n asegura que en Ecuador no hay garant\u00edas para ejercer el periodismo. El mismo reporte es reproducido en la<\/p>\n","protected":false},"author":1,"featured_media":0,"comment_status":"open","ping_status":"open","sticky":false,"template":"","format":"standard","meta":{"footnotes":""},"categories":[1],"tags":[],"_links":{"self":[{"href":"https:\/\/www.ecuadoraldia.com.ec\/index.php?rest_route=\/wp\/v2\/posts\/2164"}],"collection":[{"href":"https:\/\/www.ecuadoraldia.com.ec\/index.php?rest_route=\/wp\/v2\/posts"}],"about":[{"href":"https:\/\/www.ecuadoraldia.com.ec\/index.php?rest_route=\/wp\/v2\/types\/post"}],"author":[{"embeddable":true,"href":"https:\/\/www.ecuadoraldia.com.ec\/index.php?rest_route=\/wp\/v2\/users\/1"}],"replies":[{"embeddable":true,"href":"https:\/\/www.ecuadoraldia.com.ec\/index.php?rest_route=%2Fwp%2Fv2%2Fcomments&post=2164"}],"version-history":[{"count":1,"href":"https:\/\/www.ecuadoraldia.com.ec\/index.php?rest_route=\/wp\/v2\/posts\/2164\/revisions"}],"predecessor-version":[{"id":2166,"href":"https:\/\/www.ecuadoraldia.com.ec\/index.php?rest_route=\/wp\/v2\/posts\/2164\/revisions\/2166"}],"wp:attachment":[{"href":"https:\/\/www.ecuadoraldia.com.ec\/index.php?rest_route=%2Fwp%2Fv2%2Fmedia&parent=2164"}],"wp:term":[{"taxonomy":"category","embeddable":true,"href":"https:\/\/www.ecuadoraldia.com.ec\/index.php?rest_route=%2Fwp%2Fv2%2Fcategories&post=2164"},{"taxonomy":"post_tag","embeddable":true,"href":"https:\/\/www.ecuadoraldia.com.ec\/index.php?rest_route=%2Fwp%2Fv2%2Ftags&post=2164"}],"curies":[{"name":"wp","href":"https:\/\/api.w.org\/{rel}","templated":true}]}}