{"id":2167,"date":"2014-05-03T15:53:43","date_gmt":"2014-05-03T15:53:43","guid":{"rendered":"http:\/\/www.ecuadoraldia.com.ec\/?p=2167"},"modified":"2014-05-03T15:53:43","modified_gmt":"2014-05-03T15:53:43","slug":"los-periodistas-a-la-defensa-de-su-trabajo","status":"publish","type":"post","link":"https:\/\/www.ecuadoraldia.com.ec\/?p=2167","title":{"rendered":"Los periodistas a la defensa de su trabajo"},"content":{"rendered":"<p><a href=\"http:\/\/www.ecuadoraldia.com.ec\/wp-content\/uploads\/2014\/05\/IMG_5192.jpg\"><img loading=\"lazy\" decoding=\"async\" src=\"http:\/\/www.ecuadoraldia.com.ec\/wp-content\/uploads\/2014\/05\/IMG_5192-300x202.jpg\" alt=\"IMG_5192\" width=\"300\" height=\"202\" class=\"alignleft size-medium wp-image-2168\" srcset=\"https:\/\/www.ecuadoraldia.com.ec\/wp-content\/uploads\/2014\/05\/IMG_5192-300x202.jpg 300w, https:\/\/www.ecuadoraldia.com.ec\/wp-content\/uploads\/2014\/05\/IMG_5192.jpg 472w\" sizes=\"(max-width: 300px) 100vw, 300px\" \/><\/a>El D\u00eda de la Libertad de Prensa y Expresi\u00f3n se celebra hoy y, de acuerdo con un informe de la organizaci\u00f3n Freedom House, Ecuador es uno de los pa\u00edses del mundo sin plena vigencia de este derecho.<\/p>\n<p>Los reporteros, quienes d\u00eda a d\u00eda viven la noticia y transmiten la informaci\u00f3n, analizan desde su experiencia personal lo que acontece en el pa\u00eds y que de una u otra manera termina por influir en su ejercicio profesional cotidiano.<\/p>\n<p>Para Lenin Rodr\u00edguez, el informe de Freedom House es uno de los tantos que se han difundido en los \u00faltimos a\u00f1os y que ponen en alerta sobre una problem\u00e1tica que vive el pa\u00eds pero que es dif\u00edcil denunciar.<\/p>\n<p>Considera que el deterioro de la libertad de prensa se da porque desde el poder se trata de imponer una visi\u00f3n oficial. \u201cEsto hace que cuando una persona critica, es inmediatamente tachado. Se lo identifica, se lo ataca y es objeto de burla p\u00fablica\u201d.<\/p>\n<p>\u201cSi hablan l\u00edderes opositores hay una cadena del presidente (Rafael Correa) o de la Secretar\u00eda de Comunicaci\u00f3n y los medios de comunicaci\u00f3n no pueden entrevistarlos porque saben que habr\u00e1 alg\u00fan tipo de restricci\u00f3n, como por ejemplo en el tema de publicidad, es como un chantaje\u201d, asegura el joven reportero.<\/p>\n<p>En cambio, para Javier Aguilar, hay que partir del hecho de que la libertad de prensa se sustenta en la libertad de expresi\u00f3n, que es un ejercicio ciudadano. Asegura que la misi\u00f3n de la prensa es poner en evidencia lo bueno y lo malo que hacen los pol\u00edticos, ya que son figuras p\u00fablicas. \u201cEllos deben aceptar esa libertad para recibir buenas y malas cr\u00edticas\u201d, asegura Aguilar. A\u00f1ade que en el pa\u00eds hay libertad de prensa a medias, porque precisamente ese poder de cr\u00edtica se ha ido suprimiendo en los \u00faltimos a\u00f1os, por acci\u00f3n del Gobierno.<\/p>\n<p>Jos\u00e9 Robalino, quien trabaja en un medio oficial, asegura en el pa\u00eds s\u00ed existe libertad de presa y que una muestra de eso es que los medios pueden publicar el informe de Freedom House que afirma lo contrario. A\u00f1ade que hasta el momento su trabajo no se ha visto obstaculizado y en ese sentido respalda la Ley de Comunicaci\u00f3n, a la que califica de necesaria. \u201cLos periodistas profesionales conocemos que \u00e9ticamente tenemos la responsabilidad de entregar una informaci\u00f3n confirmada, contrastada, investigada y en eso la Ley de Comunicaci\u00f3n ha ayudado\u201d, manifest\u00f3 este empleado estatal. (HCR)<\/p>\n<p>La CIDH tambi\u00e9n critica<\/p>\n<p>\u00b0 En el informe anual de la Comisi\u00f3n Interamericana de Derechos Humanos (CIDH) se critica al Gobierno de estigmatizar de manera sistem\u00e1tica a periodistas, defensores de Derechos Humanos y organizaciones gubernamentales, mediante acciones judiciales y legales.<\/p>\n<p>En la Relator\u00eda Especial para la Libertad de Expresi\u00f3n, presentada el 23 de abril, la CIDH hace una extensa evaluaci\u00f3n, que va desde la sentencia al legislador Pepe Acacho hasta las sanciones a los medios de comunicaci\u00f3n.<\/p>\n<p>\u00b0 La Sociedad Interamericana de Prensa (SIP) afirma que se ha deteriorado la libertad de expresi\u00f3n en Ecuador, ya que se han mantenido los constantes ataques desde el Gobierno hacia los periodistas, medios, pol\u00edticos opositores y algunos ciudadanos que lo critican.<\/p>\n<p>El informe m\u00e1s reciente da cuenta sobre las sanciones contra medios de parte de la Superintendencia de Comunicaci\u00f3n.(La hora-ecuadoraldia.com.ec)<\/p>\n","protected":false},"excerpt":{"rendered":"<p>El D\u00eda de la Libertad de Prensa y Expresi\u00f3n se celebra hoy y, de acuerdo con un informe de la<\/p>\n","protected":false},"author":1,"featured_media":0,"comment_status":"open","ping_status":"open","sticky":false,"template":"","format":"standard","meta":{"footnotes":""},"categories":[11],"tags":[],"_links":{"self":[{"href":"https:\/\/www.ecuadoraldia.com.ec\/index.php?rest_route=\/wp\/v2\/posts\/2167"}],"collection":[{"href":"https:\/\/www.ecuadoraldia.com.ec\/index.php?rest_route=\/wp\/v2\/posts"}],"about":[{"href":"https:\/\/www.ecuadoraldia.com.ec\/index.php?rest_route=\/wp\/v2\/types\/post"}],"author":[{"embeddable":true,"href":"https:\/\/www.ecuadoraldia.com.ec\/index.php?rest_route=\/wp\/v2\/users\/1"}],"replies":[{"embeddable":true,"href":"https:\/\/www.ecuadoraldia.com.ec\/index.php?rest_route=%2Fwp%2Fv2%2Fcomments&post=2167"}],"version-history":[{"count":1,"href":"https:\/\/www.ecuadoraldia.com.ec\/index.php?rest_route=\/wp\/v2\/posts\/2167\/revisions"}],"predecessor-version":[{"id":2169,"href":"https:\/\/www.ecuadoraldia.com.ec\/index.php?rest_route=\/wp\/v2\/posts\/2167\/revisions\/2169"}],"wp:attachment":[{"href":"https:\/\/www.ecuadoraldia.com.ec\/index.php?rest_route=%2Fwp%2Fv2%2Fmedia&parent=2167"}],"wp:term":[{"taxonomy":"category","embeddable":true,"href":"https:\/\/www.ecuadoraldia.com.ec\/index.php?rest_route=%2Fwp%2Fv2%2Fcategories&post=2167"},{"taxonomy":"post_tag","embeddable":true,"href":"https:\/\/www.ecuadoraldia.com.ec\/index.php?rest_route=%2Fwp%2Fv2%2Ftags&post=2167"}],"curies":[{"name":"wp","href":"https:\/\/api.w.org\/{rel}","templated":true}]}}